{"id":1035,"date":"2023-01-23T13:26:08","date_gmt":"2023-01-23T12:26:08","guid":{"rendered":"https:\/\/www.radio1newyork.com\/?p=1035"},"modified":"2023-01-30T17:21:04","modified_gmt":"2023-01-30T16:21:04","slug":"sanremo-2023","status":"publish","type":"post","link":"https:\/\/www.radio1newyork.com\/index.php\/2023\/01\/23\/sanremo-2023\/","title":{"rendered":"Decolliamo verso Sanremo 2023."},"content":{"rendered":"<p style=\"text-align: justify;\">NEW YORK \u2013 Anche quest\u2019anno Radio 1 New York seguir\u00e0 insieme a voi il Festival di Sanremo con tre appuntamenti quotidiani in diretta dalla citt\u00e0 dei fiori. Il palinsesto sar\u00e0 adattato alle esigenze di collegamento con i nostri due inviati.<\/p>\n<p style=\"text-align: justify;\">Il vicedirettore <strong>Paolo Campiglio<\/strong> effettuer\u00e0 due resoconti alle 12 pm e alle 4 pm ora di New York, cio\u00e8 prima dell\u2019inizio della serata al Teatro Ariston e durante il primo break pubblicitario di Rai Uno. L\u2019altra nostra corrispondente che si occuper\u00e0 di costume e societ\u00e0 invece si collegher\u00e0 durante l\u2019edizione del giornale radio delle 8 am quando a Sanremo sar\u00e0 appena terminata la conferenza stampa dell\u2019organizzazione con <strong>Amadeus<\/strong> e potremo commentare i dati di ascolto e soprattutto il dietro le quinte della precedente serata.<\/p>\n<p>Anche quest\u2019anno il quartier generale di Radio 1 sar\u00e0 all\u2019<strong>Hotel Royal<\/strong>.<\/p>\n<p>A presto!<\/p>\n<p>La redazione di Radio 1<\/p>\n<p><img loading=\"lazy\" decoding=\"async\" class=\"alignnone size-medium wp-image-1036\" src=\"https:\/\/www.radio1newyork.com\/wp-content\/uploads\/2023\/01\/Logo-profilo-2-300x300.jpg\" alt=\"\" width=\"300\" height=\"300\" srcset=\"https:\/\/www.radio1newyork.com\/wp-content\/uploads\/2023\/01\/Logo-profilo-2-300x300.jpg 300w, https:\/\/www.radio1newyork.com\/wp-content\/uploads\/2023\/01\/Logo-profilo-2-150x150.jpg 150w, https:\/\/www.radio1newyork.com\/wp-content\/uploads\/2023\/01\/Logo-profilo-2-768x768.jpg 768w, https:\/\/www.radio1newyork.com\/wp-content\/uploads\/2023\/01\/Logo-profilo-2-100x100.jpg 100w, https:\/\/www.radio1newyork.com\/wp-content\/uploads\/2023\/01\/Logo-profilo-2-140x140.jpg 140w, https:\/\/www.radio1newyork.com\/wp-content\/uploads\/2023\/01\/Logo-profilo-2-500x500.jpg 500w, https:\/\/www.radio1newyork.com\/wp-content\/uploads\/2023\/01\/Logo-profilo-2-350x350.jpg 350w, https:\/\/www.radio1newyork.com\/wp-content\/uploads\/2023\/01\/Logo-profilo-2.jpg 1000w, https:\/\/www.radio1newyork.com\/wp-content\/uploads\/2023\/01\/Logo-profilo-2-800x800.jpg 800w\" sizes=\"auto, (max-width: 300px) 100vw, 300px\" \/><\/p>\n","protected":false},"excerpt":{"rendered":"<p>NEW YORK \u2013 Anche quest\u2019anno Radio 1 New York seguir\u00e0 insieme a voi il Festival di Sanremo con tre appuntamenti quotidiani in diretta dalla citt\u00e0 dei fiori. Il palinsesto sar\u00e0&#8230;<\/p>\n","protected":false},"author":2,"featured_media":1036,"comment_status":"closed","ping_status":"open","sticky":false,"template":"","format":"standard","meta":{"footnotes":""},"categories":[7],"tags":[],"class_list":{"0":"post-1035","1":"post","2":"type-post","3":"status-publish","4":"format-standard","5":"has-post-thumbnail","7":"category-festival-di-sanremo"},"_links":{"self":[{"href":"https:\/\/www.radio1newyork.com\/index.php\/wp-json\/wp\/v2\/posts\/1035","targetHints":{"allow":["GET"]}}],"collection":[{"href":"https:\/\/www.radio1newyork.com\/index.php\/wp-json\/wp\/v2\/posts"}],"about":[{"href":"https:\/\/www.radio1newyork.com\/index.php\/wp-json\/wp\/v2\/types\/post"}],"author":[{"embeddable":true,"href":"https:\/\/www.radio1newyork.com\/index.php\/wp-json\/wp\/v2\/users\/2"}],"replies":[{"embeddable":true,"href":"https:\/\/www.radio1newyork.com\/index.php\/wp-json\/wp\/v2\/comments?post=1035"}],"version-history":[{"count":4,"href":"https:\/\/www.radio1newyork.com\/index.php\/wp-json\/wp\/v2\/posts\/1035\/revisions"}],"predecessor-version":[{"id":1040,"href":"https:\/\/www.radio1newyork.com\/index.php\/wp-json\/wp\/v2\/posts\/1035\/revisions\/1040"}],"wp:featuredmedia":[{"embeddable":true,"href":"https:\/\/www.radio1newyork.com\/index.php\/wp-json\/wp\/v2\/media\/1036"}],"wp:attachment":[{"href":"https:\/\/www.radio1newyork.com\/index.php\/wp-json\/wp\/v2\/media?parent=1035"}],"wp:term":[{"taxonomy":"category","embeddable":true,"href":"https:\/\/www.radio1newyork.com\/index.php\/wp-json\/wp\/v2\/categories?post=1035"},{"taxonomy":"post_tag","embeddable":true,"href":"https:\/\/www.radio1newyork.com\/index.php\/wp-json\/wp\/v2\/tags?post=1035"}],"curies":[{"name":"wp","href":"https:\/\/api.w.org\/{rel}","templated":true}]}}