{"id":1042,"date":"2023-05-05T16:46:34","date_gmt":"2023-05-05T14:46:34","guid":{"rendered":"https:\/\/www.radio1newyork.com\/?p=1042"},"modified":"2023-05-06T17:23:46","modified_gmt":"2023-05-06T15:23:46","slug":"eurovision-2023","status":"publish","type":"post","link":"https:\/\/www.radio1newyork.com\/index.php\/2023\/05\/05\/eurovision-2023\/","title":{"rendered":"Radio 1 all\u2019Eurovision."},"content":{"rendered":"<p style=\"text-align: justify;\">LIVERPOOL \u2013 Manca veramente poco alla 67\u00aa edizione dell\u2019Eurovision Song Contest che quest\u2019anno si svolger\u00e0 in Inghilterra, nella Liverpool Arena, dopo che l\u2019Ucraina, vincitrice della scorsa edizione con la Kalush Orchestra, \u00e8 stata dichiarata non in grado di ospitare il concorso a causa della guerra in corso. Pertanto il nostro vicedirettore <strong>Paolo Campiglio<\/strong>, valigia e biglietto aereo in mano, si prepara a sbarcare a Londra con qualche giorno d\u2019anticipo per raccontarci anche la cerimonia di incoronazione di Carlo III.<\/p>\n<p>L\u2019Eurovision \u00e8 l\u2019evento non sportivo pi\u00f9 seguito al mondo, capace di tenere incollati alle tv pi\u00f9 di 700 milioni di spettatori complessivi nel corso delle ultime cinque edizioni. \u00c8 un Festival di Sanremo al triplo, come dice la presidente della RAI Marinella Soldi, ma forse guardando i dati anche al quadruplo o al quintuplo.<\/p>\n<p>Ringraziamo RAI e Unione europea di radiodiffusione per averci accreditato tra i corrispondenti della Stampa Estera.<\/p>\n<p>Nella settimana dell\u2019Eurovision anche noi cambieremo palinsesto, commentando anche quest\u2019anno i tre appuntamenti della manifestazione: le due semifinali del 9 e dell\u201911 maggio e la finale del 13 maggio con uno speciale della redazione spettacoli in onda alle 3 pm ora di New York.<\/p>\n<p>La casa discografica di Marco Mengoni, che rappresenter\u00e0 l\u2019Italia in quanto vincitore del Festival di Sanremo, ci ha assicurato un\u2019intervista nel punto stampa, quindi restate collegati!<\/p>\n<p>La redazione di Radio 1<\/p>\n<p><img loading=\"lazy\" decoding=\"async\" class=\"alignnone size-medium wp-image-1043\" src=\"https:\/\/www.radio1newyork.com\/wp-content\/uploads\/2023\/05\/Eurovision-Song-Contest-2023-300x169.png\" alt=\"\" width=\"300\" height=\"169\" srcset=\"https:\/\/www.radio1newyork.com\/wp-content\/uploads\/2023\/05\/Eurovision-Song-Contest-2023-300x169.png 300w, https:\/\/www.radio1newyork.com\/wp-content\/uploads\/2023\/05\/Eurovision-Song-Contest-2023-1024x576.png 1024w, https:\/\/www.radio1newyork.com\/wp-content\/uploads\/2023\/05\/Eurovision-Song-Contest-2023-768x432.png 768w, https:\/\/www.radio1newyork.com\/wp-content\/uploads\/2023\/05\/Eurovision-Song-Contest-2023-1536x864.png 1536w, https:\/\/www.radio1newyork.com\/wp-content\/uploads\/2023\/05\/Eurovision-Song-Contest-2023-2048x1152.png 2048w\" sizes=\"auto, (max-width: 300px) 100vw, 300px\" \/><\/p>\n<p>&nbsp;<\/p>\n","protected":false},"excerpt":{"rendered":"<p>LIVERPOOL \u2013 Manca veramente poco alla 67\u00aa edizione dell\u2019Eurovision Song Contest che quest\u2019anno si svolger\u00e0 in Inghilterra, nella Liverpool Arena, dopo che l\u2019Ucraina, vincitrice della scorsa edizione con la Kalush&#8230;<\/p>\n","protected":false},"author":2,"featured_media":1043,"comment_status":"closed","ping_status":"open","sticky":false,"template":"","format":"standard","meta":{"footnotes":""},"categories":[7],"tags":[],"class_list":{"0":"post-1042","1":"post","2":"type-post","3":"status-publish","4":"format-standard","5":"has-post-thumbnail","7":"category-festival-di-sanremo"},"_links":{"self":[{"href":"https:\/\/www.radio1newyork.com\/index.php\/wp-json\/wp\/v2\/posts\/1042","targetHints":{"allow":["GET"]}}],"collection":[{"href":"https:\/\/www.radio1newyork.com\/index.php\/wp-json\/wp\/v2\/posts"}],"about":[{"href":"https:\/\/www.radio1newyork.com\/index.php\/wp-json\/wp\/v2\/types\/post"}],"author":[{"embeddable":true,"href":"https:\/\/www.radio1newyork.com\/index.php\/wp-json\/wp\/v2\/users\/2"}],"replies":[{"embeddable":true,"href":"https:\/\/www.radio1newyork.com\/index.php\/wp-json\/wp\/v2\/comments?post=1042"}],"version-history":[{"count":1,"href":"https:\/\/www.radio1newyork.com\/index.php\/wp-json\/wp\/v2\/posts\/1042\/revisions"}],"predecessor-version":[{"id":1044,"href":"https:\/\/www.radio1newyork.com\/index.php\/wp-json\/wp\/v2\/posts\/1042\/revisions\/1044"}],"wp:featuredmedia":[{"embeddable":true,"href":"https:\/\/www.radio1newyork.com\/index.php\/wp-json\/wp\/v2\/media\/1043"}],"wp:attachment":[{"href":"https:\/\/www.radio1newyork.com\/index.php\/wp-json\/wp\/v2\/media?parent=1042"}],"wp:term":[{"taxonomy":"category","embeddable":true,"href":"https:\/\/www.radio1newyork.com\/index.php\/wp-json\/wp\/v2\/categories?post=1042"},{"taxonomy":"post_tag","embeddable":true,"href":"https:\/\/www.radio1newyork.com\/index.php\/wp-json\/wp\/v2\/tags?post=1042"}],"curies":[{"name":"wp","href":"https:\/\/api.w.org\/{rel}","templated":true}]}}