{"id":1046,"date":"2023-12-20T15:23:55","date_gmt":"2023-12-20T14:23:55","guid":{"rendered":"https:\/\/www.radio1newyork.com\/?p=1046"},"modified":"2023-12-20T15:23:55","modified_gmt":"2023-12-20T14:23:55","slug":"sanremo-2024","status":"publish","type":"post","link":"https:\/\/www.radio1newyork.com\/index.php\/2023\/12\/20\/sanremo-2024\/","title":{"rendered":"Sanremo 2024, le canzoni in gara."},"content":{"rendered":"<p style=\"text-align: justify;\">NEW YORK \u2013 Nella notte italiana tra il 19 e il 20 dicembre, sul palco del Teatro del Casin\u00f2 di Sanremo, durante la serata finale dedicata alle nuove proposte, i 27 cantanti della categoria campioni che parteciperanno alla 74\u00aa edizione del Festival della Canzone italiana (6-10 febbraio 2024) hanno svelato i titoli dei brani che porteranno in gara sul palco del Teatro Ariston.<\/p>\n<p>Questi i titoli delle 30 canzoni, incluse quelle scelte dai 3 giovani vincitori che accedono di diritto al Festival con un brano diverso -e ovviamente inedito- da quello proposto stanotte.<\/p>\n<ul>\n<li>Alessandra Amoroso \u2013 Fino a qui<\/li>\n<li>Alfa \u2013 Vai<\/li>\n<li>Angelina Mango \u2013 La Noia<\/li>\n<li>Annalisa \u2013 Sinceramente<\/li>\n<li>BigMama \u2013 La rabbia non ti basta<\/li>\n<li>Dargen D\u2019Amico \u2013 Onda Alta<\/li>\n<li>Diodato \u2013 Ti Muovi<\/li>\n<li>Emma \u2013 Apnea<\/li>\n<li>Fiorella Mannoia \u2013 Mariposa<\/li>\n<li>Fred De Palma \u2013 Il cielo non ci vuole<\/li>\n<li>Gazzelle \u2013 Tutto Qui<\/li>\n<li>Geolier \u2013 i p\u2019 me tu p\u2019 te<\/li>\n<li>Ghali \u2013 Casa Mia<\/li>\n<li>Il Tre \u2013 Fragili<\/li>\n<li>Il Volo \u2013 Capolavoro<\/li>\n<li>Irama \u2013 Tu No<\/li>\n<li>La Sad \u2013 Autodistruttivo<\/li>\n<li>Loredana Bert\u00e8 \u2013 Pazza<\/li>\n<li>Mahmood \u2013 Tuta Gold<\/li>\n<li>Maninni \u2013 Spettacolare<\/li>\n<li>Mr. Rain \u2013 Due altalene<\/li>\n<li>Negramaro \u2013 Ricominciamo tutto<\/li>\n<li>Renga e Nek \u2013 Pazzo di te<\/li>\n<li>Ricchi e Poveri \u2013 Ma non tutta la vita<\/li>\n<li>Rose Villain \u2013 Click Boom!<\/li>\n<li>Sangiovanni \u2013 Finiscimi<\/li>\n<li>The Kolors \u2013 Un ragazzo e una ragazza<\/li>\n<li>Clara \u2013 Diamanti grezzi<\/li>\n<li>Santi Francesi \u2013 L\u2019amore in bocca<\/li>\n<li>bnkr44 \u2013 governo punk<\/li>\n<\/ul>\n<p style=\"text-align: justify;\">I nomi degli autori e compositori dei brani verranno svelati nei prossimi giorni, mentre i testi saranno disponibili a partire da marted\u00ec 30 gennaio 2024, contestualmente all\u2019uscita del tradizionale numero speciale di Tv Sorrisi e Canzoni.<\/p>\n<p style=\"text-align: justify;\">I nostri ascoltatori invece potranno rilassarsi comodamente nelle loro case, italiane e americane, perch\u00e9\u00a0anche quest\u2019anno Radio 1 New York seguir\u00e0 il Festival di Sanremo con tre appuntamenti quotidiani in diretta dalla citt\u00e0 dei fiori. Il palinsesto sar\u00e0 adattato alle esigenze di collegamento dei nostri inviati.<\/p>\n<p style=\"text-align: justify;\">Il vicedirettore <strong>Paolo Campiglio<\/strong> effettuer\u00e0 due resoconti alle 12 pm e alle 4 pm ora di New York, cio\u00e8 prima dell\u2019inizio della serata al Teatro Ariston e durante il primo break pubblicitario di Rai Uno. L\u2019altra nostra corrispondente che si occuper\u00e0 di costume e societ\u00e0 invece si collegher\u00e0 durante l\u2019edizione del giornale radio delle 8 am quando a Sanremo sar\u00e0 appena terminata la conferenza stampa dell\u2019organizzazione con <strong>Amadeus<\/strong> e potremo commentare i dati di ascolto e soprattutto il dietro le quinte della precedente serata.<\/p>\n<p>Anche quest\u2019anno il quartier generale di Radio 1 sar\u00e0 all\u2019<strong>Hotel Royal<\/strong>.<\/p>\n<p>A presto!<\/p>\n<p>La redazione di Radio 1<\/p>\n<p><img loading=\"lazy\" decoding=\"async\" class=\"alignnone size-medium wp-image-1047\" src=\"https:\/\/www.radio1newyork.com\/wp-content\/uploads\/2023\/12\/Logo-profilo-300x300.jpg\" alt=\"\" width=\"300\" height=\"300\" srcset=\"https:\/\/www.radio1newyork.com\/wp-content\/uploads\/2023\/12\/Logo-profilo-300x300.jpg 300w, https:\/\/www.radio1newyork.com\/wp-content\/uploads\/2023\/12\/Logo-profilo-150x150.jpg 150w, https:\/\/www.radio1newyork.com\/wp-content\/uploads\/2023\/12\/Logo-profilo-768x768.jpg 768w, https:\/\/www.radio1newyork.com\/wp-content\/uploads\/2023\/12\/Logo-profilo-100x100.jpg 100w, https:\/\/www.radio1newyork.com\/wp-content\/uploads\/2023\/12\/Logo-profilo-140x140.jpg 140w, https:\/\/www.radio1newyork.com\/wp-content\/uploads\/2023\/12\/Logo-profilo-500x500.jpg 500w, https:\/\/www.radio1newyork.com\/wp-content\/uploads\/2023\/12\/Logo-profilo-350x350.jpg 350w, https:\/\/www.radio1newyork.com\/wp-content\/uploads\/2023\/12\/Logo-profilo.jpg 1000w, https:\/\/www.radio1newyork.com\/wp-content\/uploads\/2023\/12\/Logo-profilo-800x800.jpg 800w\" sizes=\"auto, (max-width: 300px) 100vw, 300px\" \/><\/p>\n","protected":false},"excerpt":{"rendered":"<p>NEW YORK \u2013 Nella notte italiana tra il 19 e il 20 dicembre, sul palco del Teatro del Casin\u00f2 di Sanremo, durante la serata finale dedicata alle nuove proposte, i&#8230;<\/p>\n","protected":false},"author":2,"featured_media":1047,"comment_status":"closed","ping_status":"open","sticky":false,"template":"","format":"standard","meta":{"footnotes":""},"categories":[7],"tags":[],"class_list":{"0":"post-1046","1":"post","2":"type-post","3":"status-publish","4":"format-standard","5":"has-post-thumbnail","7":"category-festival-di-sanremo"},"_links":{"self":[{"href":"https:\/\/www.radio1newyork.com\/index.php\/wp-json\/wp\/v2\/posts\/1046","targetHints":{"allow":["GET"]}}],"collection":[{"href":"https:\/\/www.radio1newyork.com\/index.php\/wp-json\/wp\/v2\/posts"}],"about":[{"href":"https:\/\/www.radio1newyork.com\/index.php\/wp-json\/wp\/v2\/types\/post"}],"author":[{"embeddable":true,"href":"https:\/\/www.radio1newyork.com\/index.php\/wp-json\/wp\/v2\/users\/2"}],"replies":[{"embeddable":true,"href":"https:\/\/www.radio1newyork.com\/index.php\/wp-json\/wp\/v2\/comments?post=1046"}],"version-history":[{"count":1,"href":"https:\/\/www.radio1newyork.com\/index.php\/wp-json\/wp\/v2\/posts\/1046\/revisions"}],"predecessor-version":[{"id":1048,"href":"https:\/\/www.radio1newyork.com\/index.php\/wp-json\/wp\/v2\/posts\/1046\/revisions\/1048"}],"wp:featuredmedia":[{"embeddable":true,"href":"https:\/\/www.radio1newyork.com\/index.php\/wp-json\/wp\/v2\/media\/1047"}],"wp:attachment":[{"href":"https:\/\/www.radio1newyork.com\/index.php\/wp-json\/wp\/v2\/media?parent=1046"}],"wp:term":[{"taxonomy":"category","embeddable":true,"href":"https:\/\/www.radio1newyork.com\/index.php\/wp-json\/wp\/v2\/categories?post=1046"},{"taxonomy":"post_tag","embeddable":true,"href":"https:\/\/www.radio1newyork.com\/index.php\/wp-json\/wp\/v2\/tags?post=1046"}],"curies":[{"name":"wp","href":"https:\/\/api.w.org\/{rel}","templated":true}]}}