{"id":1111,"date":"2025-01-10T11:14:59","date_gmt":"2025-01-10T10:14:59","guid":{"rendered":"https:\/\/www.radio1newyork.com\/?p=1111"},"modified":"2025-02-07T12:34:30","modified_gmt":"2025-02-07T11:34:30","slug":"i-biglietti-per-sanremo-2025","status":"publish","type":"post","link":"https:\/\/www.radio1newyork.com\/index.php\/2025\/01\/10\/i-biglietti-per-sanremo-2025\/","title":{"rendered":"I biglietti per Sanremo 2025."},"content":{"rendered":"<p style=\"text-align: justify;\">MILANO \u2013 Adesso che la RAI ha scoperto le carte, annunciando i cantanti in gara e i conduttori che affiancheranno Carlo Conti nelle cinque serate, \u00e8 iniziato ufficialmente il conto alla rovescia verso l\u2019edizione n. 75 del Festival della canzone italiana. Quindi la direzione di rete, cui \u00e8 affidata l\u2019organizzazione dello spettacolo, pu\u00f2 vendere i biglietti per assistere alla manifestazione dalle poltroncine rosse del Teatro Ariston.<\/p>\n<p style=\"text-align: justify;\"><strong>COME SI ACQUISTANO:<\/strong> dall\u2019anno scorso sono spariti gli abbonamenti interi, non sar\u00e0 pi\u00f9 possibile acquistare i carnet di 5 biglietti, uno per serata, che andavano esauriti pochi istanti dopo la messa in vendita, lasciando a bocca asciutta i tanti che avrebbero voluto godersi solo una serata. Cos\u00ec nel 2024 \u00e8 stata sperimentata la commercializzazione dei biglietti singoli con un <strong>click day<\/strong>, soluzione che ha portato nelle casse della RAI oltre 2 milioni di euro. I prezzi di questa edizione sono gli stessi della precedente, ma va precisato che l\u2019anno scorso c\u2019era stato un incremento del 20% rispetto al 2023, l\u2019ultima edizione in cui era in vigore il sistema degli abbonamenti. Per fare un esempio, il signor Rossi poteva acquistare l\u2019abbonamento per tutte e cinque le serate a un costo di 672 euro in galleria e 1.290 euro in platea. L\u2019anno scorso e quest\u2019anno se volesse vedere dal vivo tutto il Festival dovr\u00e0 spendere invece, rispettivamente, 800 euro in galleria e 1.530 euro in platea, con appunto un aumento medio del 19%. Qui il dettaglio:<\/p>\n<p><strong>QUANTO COSTANO:\u00a0<\/strong>ecco la tabella con i prezzi dei biglietti:<\/p>\n<ul>\n<li>Biglietti in platea (1,2,3,4 serata):\u00a0<strong>\u20ac 200<\/strong><\/li>\n<li>Biglietti in platea serata finale:\u00a0<strong>\u20ac 730<\/strong><\/li>\n<li>Biglietti in galleria (1,2,3,4 serata):<strong>\u00a0\u20ac 110<br \/>\n<\/strong><\/li>\n<li>Biglietti in galleria serata finale\u00a0<strong>\u20ac 360<\/strong><\/li>\n<\/ul>\n<p style=\"text-align: justify;\">Come riportato dal sito ufficiale della kermesse canora, dal 19 dicembre 2024 al 6 gennaio 2025 il pubblico si \u00e8 potuto iscrivere per l\u2019acquisto dei biglietti. In seguito, un software ha selezionato alcuni utenti dando loro la possibilit\u00e0 di procede all\u2019acquisto, per un massimo di due ticket a testa. Quindi adesso \u00e8 caccia ai biglietti. Ma la partita \u00e8 praticamente gi\u00e0 chiusa.<\/p>\n<p style=\"text-align: justify;\"><strong>L\u2019ULTIMA SPERANZA:<\/strong> Per gli appassionati che volessero incontrare dal vivo i cantanti in un luogo tanto riservato quando privilegiato c\u2019\u00e8 ancora un barlume di speranza, ce lo conferma una fonte del Royal di Sanremo, l\u2019hotel 5 stelle super-lusso dov\u2019\u00e8 allestita l\u2019hospitality lounge Area Stile e dove tramite gli sponsor \u00e8 possibile ricevere l\u2019accredito e fare cos\u00ec due chiacchere con i cantanti, i conduttori e i super ospiti che passeranno da l\u00ec per essere intervistati dalle radio.<\/p>\n<p style=\"text-align: justify;\">La redazione di Radio 1<\/p>\n<p><img loading=\"lazy\" decoding=\"async\" class=\"alignnone size-medium wp-image-1112\" src=\"https:\/\/www.radio1newyork.com\/wp-content\/uploads\/2025\/02\/Sanremo-2025-300x300.jpg\" alt=\"\" width=\"300\" height=\"300\" srcset=\"https:\/\/www.radio1newyork.com\/wp-content\/uploads\/2025\/02\/Sanremo-2025-300x300.jpg 300w, https:\/\/www.radio1newyork.com\/wp-content\/uploads\/2025\/02\/Sanremo-2025-150x150.jpg 150w, https:\/\/www.radio1newyork.com\/wp-content\/uploads\/2025\/02\/Sanremo-2025-768x768.jpg 768w, https:\/\/www.radio1newyork.com\/wp-content\/uploads\/2025\/02\/Sanremo-2025-100x100.jpg 100w, https:\/\/www.radio1newyork.com\/wp-content\/uploads\/2025\/02\/Sanremo-2025-140x140.jpg 140w, https:\/\/www.radio1newyork.com\/wp-content\/uploads\/2025\/02\/Sanremo-2025-500x500.jpg 500w, https:\/\/www.radio1newyork.com\/wp-content\/uploads\/2025\/02\/Sanremo-2025-350x350.jpg 350w, https:\/\/www.radio1newyork.com\/wp-content\/uploads\/2025\/02\/Sanremo-2025-800x800.jpg 800w, https:\/\/www.radio1newyork.com\/wp-content\/uploads\/2025\/02\/Sanremo-2025.jpg 1000w\" sizes=\"auto, (max-width: 300px) 100vw, 300px\" \/><\/p>\n","protected":false},"excerpt":{"rendered":"<p>MILANO \u2013 Adesso che la RAI ha scoperto le carte, annunciando i cantanti in gara e i conduttori che affiancheranno Carlo Conti nelle cinque serate, \u00e8 iniziato ufficialmente il conto&#8230;<\/p>\n","protected":false},"author":2,"featured_media":1112,"comment_status":"closed","ping_status":"open","sticky":false,"template":"","format":"standard","meta":{"footnotes":""},"categories":[7],"tags":[],"class_list":{"0":"post-1111","1":"post","2":"type-post","3":"status-publish","4":"format-standard","5":"has-post-thumbnail","7":"category-festival-di-sanremo"},"_links":{"self":[{"href":"https:\/\/www.radio1newyork.com\/index.php\/wp-json\/wp\/v2\/posts\/1111","targetHints":{"allow":["GET"]}}],"collection":[{"href":"https:\/\/www.radio1newyork.com\/index.php\/wp-json\/wp\/v2\/posts"}],"about":[{"href":"https:\/\/www.radio1newyork.com\/index.php\/wp-json\/wp\/v2\/types\/post"}],"author":[{"embeddable":true,"href":"https:\/\/www.radio1newyork.com\/index.php\/wp-json\/wp\/v2\/users\/2"}],"replies":[{"embeddable":true,"href":"https:\/\/www.radio1newyork.com\/index.php\/wp-json\/wp\/v2\/comments?post=1111"}],"version-history":[{"count":7,"href":"https:\/\/www.radio1newyork.com\/index.php\/wp-json\/wp\/v2\/posts\/1111\/revisions"}],"predecessor-version":[{"id":1114,"href":"https:\/\/www.radio1newyork.com\/index.php\/wp-json\/wp\/v2\/posts\/1111\/revisions\/1114"}],"wp:featuredmedia":[{"embeddable":true,"href":"https:\/\/www.radio1newyork.com\/index.php\/wp-json\/wp\/v2\/media\/1112"}],"wp:attachment":[{"href":"https:\/\/www.radio1newyork.com\/index.php\/wp-json\/wp\/v2\/media?parent=1111"}],"wp:term":[{"taxonomy":"category","embeddable":true,"href":"https:\/\/www.radio1newyork.com\/index.php\/wp-json\/wp\/v2\/categories?post=1111"},{"taxonomy":"post_tag","embeddable":true,"href":"https:\/\/www.radio1newyork.com\/index.php\/wp-json\/wp\/v2\/tags?post=1111"}],"curies":[{"name":"wp","href":"https:\/\/api.w.org\/{rel}","templated":true}]}}