{"id":577,"date":"2019-11-04T13:00:00","date_gmt":"2019-11-04T12:00:00","guid":{"rendered":"http:\/\/www.radio1newyork.com\/?p=577"},"modified":"2019-11-29T11:58:59","modified_gmt":"2019-11-29T10:58:59","slug":"le-giurie-di-sanremo","status":"publish","type":"post","link":"https:\/\/www.radio1newyork.com\/index.php\/2019\/11\/04\/le-giurie-di-sanremo\/","title":{"rendered":"Le giurie di Sanremo."},"content":{"rendered":"<p style=\"text-align: justify;\" data-adtags-visited=\"true\">MILANO \u2013 Fra 3 mesi esatti si comincia.. e 9 mesi fa il Festival 2019 si chiudeva con le polemiche e con le aggressioni verbali degni di una rivoluzione dopo l\u2019annuncio del risultato delle votazioni a cui avevano partecipato le giurie tecniche, composte la prima da esperti di musica e spettacolo, e la seconda dai giornalisti accreditati nella sala stampa RAI al Teatro Ariston. La somma di esse ha ribaltato il verdetto del televoto a cui avevano partecipato gli spettatori da casa,\u00a0insomma a prima vista il classico caso di popolo contro \u00e9lite. Vai poi a spiegare con la dovuta moderazione che in un nessun altro festival serio del mondo il pubblico da casa pu\u00f2 votare, e addirittura a Sanremo il suo peso incide per il 40% sulla classifica finale. Parole inutili contro la macchina dell\u2019odio del sovranismo televisivo.<\/p>\n<p style=\"text-align: justify;\" data-adtags-visited=\"true\">Forse gli Oscar sono assegnati col televoto? La Palma d\u2019Oro del Festival di Cannes e il Leone d\u2019Oro della Mostra del cinema di Venezia sono assegnati col televoto? No ovviamente, nel primo caso votano solo i selezionati membri dell\u2019Academy Award e negli altri due\u00a0le giurie composte da esperti nominati dai consigli di amministrazione degli enti di riferimento, a loro volta scelti dalla politica, questo bisogna dirlo, ma sarebbe impensabile un\u2019altra soluzione, a meno che qualcuno non pensi al sorteggio.<\/p>\n<p style=\"text-align: justify;\" data-adtags-visited=\"true\">Quindi ci si potrebbe domandare perch\u00e9 i telespettatori, organizzati o meno in fans club, che per loro stessa ammissione non sono esperti di musica e che dichiarano ancor prima di ascoltare i brani in gara che voteranno solo per il loro beniamino a prescindere da come\u00a0eseguir\u00e0 e interpreter\u00e0 la canzone, possano avere cos\u00ec tanto peso. Tutto questo resta un mistero, con un indizio: il televoto porta nelle casse della RAI un sacco di soldi a cui l\u2019azienda non pu\u00f2 rinunciare, senza contare che con pi\u00f9 spettatori coinvolti lo share sar\u00e0 pi\u00f9 alto e di conseguenza gli spot pubblicitari potranno essere venduti a un prezzo pi\u00f9 elevato.<\/p>\n<p style=\"text-align: justify;\" data-adtags-visited=\"true\">Queste considerazioni sono utili per giudicare il regolamento della prossima edizione che il nuovo direttore artistico <strong>Amadeus<\/strong>, forse per ingraziarsi subito le simpatie del pubblico, ha fatto approvare dalla RAI, diluendo il peso specifico delle cosiddette giurie degli esperti in favore del televoto, andando volutamente in direzione contraria a quello di tutte le altre principali competizioni del mondo, a cui invece il precedente direttore artistico <strong>Claudio Baglioni<\/strong> ha voluto ispirarsi nei due anni in cui ha condotto il Festival.<\/p>\n<p style=\"text-align: justify;\" data-adtags-visited=\"true\">In breve, la novit\u00e0 pi\u00f9 importante riguarda la rotazione delle giurie in ogni serata. Nella sezione Campioni ci sar\u00e0 quindi\u00a0una giuria demoscopica che vota il marted\u00ec, il mercoled\u00ec e il sabato; la Giuria della Sala Stampa che vota il venerd\u00ec e il sabato, il pubblico tramite il sistema del televoto che vota solo il sabato e quella composta dai musicisti e dai coristi dell\u2019orchestra che vota il gioved\u00ec e il sabato. Nella serata finale\u00a0i sistemi di votazione avranno questo peso: giuria demoscopica 33%; Giuria della Sala Stampa 33%; televoto 34%.\u00a0Al termine della quinta serata verr\u00e0 stilata una classifica delle canzoni determinata dalla media tra le percentuali di voto da queste ottenute nella quinta serata e quelle ottenute nelle serate precedenti. Dopo che i risultati di tutte le votazioni precedenti saranno azzerate, avr\u00e0 luogo una nuova votazione delle 3 canzoni risultate ai primi posti nella classifica, a cui parteciperanno le giurie della quinta serata con pari peso.<\/p>\n<p style=\"text-align: justify;\" data-adtags-visited=\"true\"><strong>Paolo Campiglio<\/strong><em>, inviato di Radio 1 al Festival di Sanremo<\/em><\/p>\n<p data-adtags-visited=\"true\">Le foto e le altre notizie sul <a href=\"http:\/\/www.paolocampiglio.it\">blog<\/a><\/p>\n\n\n<p><\/p>\n","protected":false},"excerpt":{"rendered":"<p>MILANO \u2013 Fra 3 mesi esatti si comincia.. e 9 mesi fa il Festival 2019 si chiudeva con le polemiche e con le aggressioni verbali degni di una rivoluzione dopo&#8230;<\/p>\n","protected":false},"author":1,"featured_media":578,"comment_status":"open","ping_status":"open","sticky":false,"template":"","format":"standard","meta":{"footnotes":""},"categories":[7],"tags":[],"class_list":{"0":"post-577","1":"post","2":"type-post","3":"status-publish","4":"format-standard","5":"has-post-thumbnail","7":"category-festival-di-sanremo"},"_links":{"self":[{"href":"https:\/\/www.radio1newyork.com\/index.php\/wp-json\/wp\/v2\/posts\/577","targetHints":{"allow":["GET"]}}],"collection":[{"href":"https:\/\/www.radio1newyork.com\/index.php\/wp-json\/wp\/v2\/posts"}],"about":[{"href":"https:\/\/www.radio1newyork.com\/index.php\/wp-json\/wp\/v2\/types\/post"}],"author":[{"embeddable":true,"href":"https:\/\/www.radio1newyork.com\/index.php\/wp-json\/wp\/v2\/users\/1"}],"replies":[{"embeddable":true,"href":"https:\/\/www.radio1newyork.com\/index.php\/wp-json\/wp\/v2\/comments?post=577"}],"version-history":[{"count":9,"href":"https:\/\/www.radio1newyork.com\/index.php\/wp-json\/wp\/v2\/posts\/577\/revisions"}],"predecessor-version":[{"id":710,"href":"https:\/\/www.radio1newyork.com\/index.php\/wp-json\/wp\/v2\/posts\/577\/revisions\/710"}],"wp:featuredmedia":[{"embeddable":true,"href":"https:\/\/www.radio1newyork.com\/index.php\/wp-json\/wp\/v2\/media\/578"}],"wp:attachment":[{"href":"https:\/\/www.radio1newyork.com\/index.php\/wp-json\/wp\/v2\/media?parent=577"}],"wp:term":[{"taxonomy":"category","embeddable":true,"href":"https:\/\/www.radio1newyork.com\/index.php\/wp-json\/wp\/v2\/categories?post=577"},{"taxonomy":"post_tag","embeddable":true,"href":"https:\/\/www.radio1newyork.com\/index.php\/wp-json\/wp\/v2\/tags?post=577"}],"curies":[{"name":"wp","href":"https:\/\/api.w.org\/{rel}","templated":true}]}}