{"id":724,"date":"2019-02-05T10:57:54","date_gmt":"2019-02-05T09:57:54","guid":{"rendered":"https:\/\/www.radio1newyork.com\/?p=724"},"modified":"2019-12-03T12:02:54","modified_gmt":"2019-12-03T11:02:54","slug":"sanremo-per-tutta-la-notte","status":"publish","type":"post","link":"https:\/\/www.radio1newyork.com\/index.php\/2019\/02\/05\/sanremo-per-tutta-la-notte\/","title":{"rendered":"Sanremo per tutta la notte."},"content":{"rendered":"<p style=\"text-align: justify;\">SANREMO \u2013 La prima serata inizier\u00e0 alle 20:45 e terminer\u00e0 intorno all\u20191:30.\u00a0A seguire comincer\u00e0 il Dopofestival che accompagner\u00e0 gli spettatori di Rai 1 fino a notte fonda. La scaletta sar\u00e0 distribuita ai giornalisti accreditati in Sala Stampa dopo le 19:00 e vi informer\u00f2 su Facebook sull\u2019ordine degli artisti che si esibiranno sul palco dell\u2019Ariston, che quest\u2019anno sar\u00e0 veramente grande e da casa avrete ancora di pi\u00f9 questa percezione.<\/p>\n<p style=\"text-align: justify;\">Intanto nella conferenza stampa quotidiana \u00e8 stato annunciato che il super-ospite di venerd\u00ec sar\u00e0 Ligabue, come unica presenza d\u2019eccezione della quarta serata, dedicata ai duetti. La sua presenza impreziosir\u00e0 ulteriormente una serata evento, nella quale tutti i cantanti in gara avranno molti amici e colleghi al loro fianco.<\/p>\n<p style=\"text-align: justify;\">Per venire invece ai miei colleghi, ho coordinato il briefing con gli inviati della stampa estera che fanno parte, con me, della Giuria. Quest\u2019anno \u00e8 stato registrato un nuovo record di presenze dei media, in tutto sono stati rilasciati 1.443 pass agli operatori dell\u2019informazione di cui 259 nella Sala Stampa del Teatro Ariston a giornalisti e fotografi. La stampa estera \u00e8 sempre pi\u00f9 attenta al Festival e quest\u2019anno tocca quota 48 testate internazionali con 84 inviati. Una platea che porta la manifestazione anche molto lontano, attraverso media statunitensi, canadesi, australiani, argentini, cileni e ovviamente di molti Paesi europei.<\/p>\n<p style=\"text-align: justify;\">Sanremo \u00e8 anche un evento digital e social con un\u2019offerta sempre pi\u00f9 ricca e articolata che si sviluppa su tutte le piattaforme. Da un lato il racconto social in tempo reale dell\u2019evento e dall\u2019altro gli esclusivi appuntamenti live con gli artisti in gara sui miei canali Facebook, Instagram, Twitter e YouTube.<\/p>\n<p><strong>Paolo Campiglio<\/strong><em>, inviato di Radio 1 al Festival di Sanremo<\/em><\/p>\n<p data-adtags-visited=\"true\">Le foto e le altre notizie sul\u00a0<a href=\"http:\/\/www.paolocampiglio.it\/\">blog<\/a><\/p>\n<div id=\"attachment_725\" style=\"width: 259px\" class=\"wp-caption alignnone\"><img loading=\"lazy\" decoding=\"async\" aria-describedby=\"caption-attachment-725\" class=\"wp-image-725 size-medium\" src=\"https:\/\/www.radio1newyork.com\/wp-content\/uploads\/2019\/11\/23-Briefing-Stampa-Estera-249x300.jpg\" alt=\"\" width=\"249\" height=\"300\" srcset=\"https:\/\/www.radio1newyork.com\/wp-content\/uploads\/2019\/11\/23-Briefing-Stampa-Estera-249x300.jpg 249w, https:\/\/www.radio1newyork.com\/wp-content\/uploads\/2019\/11\/23-Briefing-Stampa-Estera-768x924.jpg 768w, https:\/\/www.radio1newyork.com\/wp-content\/uploads\/2019\/11\/23-Briefing-Stampa-Estera.jpg 798w\" sizes=\"auto, (max-width: 249px) 100vw, 249px\" \/><p id=\"caption-attachment-725\" class=\"wp-caption-text\"><em>Coordino il briefing con gli inviati della stampa estera che da fanno parte, con me, della Giuria.<\/em><\/p><\/div>\n","protected":false},"excerpt":{"rendered":"<p>SANREMO \u2013 La prima serata inizier\u00e0 alle 20:45 e terminer\u00e0 intorno all\u20191:30.\u00a0A seguire comincer\u00e0 il Dopofestival che accompagner\u00e0 gli spettatori di Rai 1 fino a notte fonda. La scaletta sar\u00e0&#8230;<\/p>\n","protected":false},"author":2,"featured_media":738,"comment_status":"closed","ping_status":"open","sticky":false,"template":"","format":"standard","meta":{"footnotes":""},"categories":[7],"tags":[],"class_list":{"0":"post-724","1":"post","2":"type-post","3":"status-publish","4":"format-standard","5":"has-post-thumbnail","7":"category-festival-di-sanremo"},"_links":{"self":[{"href":"https:\/\/www.radio1newyork.com\/index.php\/wp-json\/wp\/v2\/posts\/724","targetHints":{"allow":["GET"]}}],"collection":[{"href":"https:\/\/www.radio1newyork.com\/index.php\/wp-json\/wp\/v2\/posts"}],"about":[{"href":"https:\/\/www.radio1newyork.com\/index.php\/wp-json\/wp\/v2\/types\/post"}],"author":[{"embeddable":true,"href":"https:\/\/www.radio1newyork.com\/index.php\/wp-json\/wp\/v2\/users\/2"}],"replies":[{"embeddable":true,"href":"https:\/\/www.radio1newyork.com\/index.php\/wp-json\/wp\/v2\/comments?post=724"}],"version-history":[{"count":2,"href":"https:\/\/www.radio1newyork.com\/index.php\/wp-json\/wp\/v2\/posts\/724\/revisions"}],"predecessor-version":[{"id":786,"href":"https:\/\/www.radio1newyork.com\/index.php\/wp-json\/wp\/v2\/posts\/724\/revisions\/786"}],"wp:featuredmedia":[{"embeddable":true,"href":"https:\/\/www.radio1newyork.com\/index.php\/wp-json\/wp\/v2\/media\/738"}],"wp:attachment":[{"href":"https:\/\/www.radio1newyork.com\/index.php\/wp-json\/wp\/v2\/media?parent=724"}],"wp:term":[{"taxonomy":"category","embeddable":true,"href":"https:\/\/www.radio1newyork.com\/index.php\/wp-json\/wp\/v2\/categories?post=724"},{"taxonomy":"post_tag","embeddable":true,"href":"https:\/\/www.radio1newyork.com\/index.php\/wp-json\/wp\/v2\/tags?post=724"}],"curies":[{"name":"wp","href":"https:\/\/api.w.org\/{rel}","templated":true}]}}