{"id":727,"date":"2019-02-04T11:02:02","date_gmt":"2019-02-04T10:02:02","guid":{"rendered":"https:\/\/www.radio1newyork.com\/?p=727"},"modified":"2019-11-30T11:30:12","modified_gmt":"2019-11-30T10:30:12","slug":"un-festival-diverso","status":"publish","type":"post","link":"https:\/\/www.radio1newyork.com\/index.php\/2019\/02\/04\/un-festival-diverso\/","title":{"rendered":"Un Festival diverso."},"content":{"rendered":"<p style=\"text-align: justify;\">SANREMO \u2013 Nella conferenza stampa d\u2019apertura di luned\u00ec 4 febbraio \u00e8 apparsa chiara a tutti l\u2019intenzione principale della RAI: questo deve essere un Festival diverso da tutti gli altri. Lo si poteva capire da quando \u00e8 stato annunciato il cast degli artisti in gara, che riunisce le mille anime della musica italiana, ognuna delle quali dovrebbe riuscire a portare davanti a tutti gli italiani il meglio della nostra musica. Questa \u00e8 la ricchezza sulla quale scommettono i vertici di Viale Mazzini.<\/p>\n<p style=\"text-align: justify;\">La novit\u00e0 pi\u00f9 grande, detta e non detta, \u00e8 il tentativo, forse l\u2019ultimo possibile, di coinvolgere la platea dei giovanissimi alla liturgia del Festival. I due vincitori di Sanremo Giovani\u00a0<strong>Einar<\/strong>\u00a0e\u00a0<strong>Mahmood<\/strong>\u00a0sono entrati di diritto tra i Campioni, poi ci saranno i reduci dai talent show come\u00a0<strong>Federica Carta<\/strong>\u00a0con\u00a0<strong>Shade<\/strong>,\u00a0<strong>Irama<\/strong>\u00a0e\u00a0<strong>Enrico Nigiotti<\/strong>. Infine con lo sdoganamento a Sanremo del rap e del trap, con gli artisti amati dagli adolescenti come\u00a0<strong>Achille Lauro<\/strong>,\u00a0<strong>Ghemon<\/strong>\u00a0e i\u00a0<strong>Boomdabash<\/strong>.<\/p>\n<p style=\"text-align: justify;\">Nel pomeriggio sar\u00e0 consentito l\u2019accesso in platea al Teatro Ariston ai giornalisti accreditati in Sala Stampa e che compongono la giuria tecnica per assistere alle prove generali dei cantanti. Questo momento \u00e8 molto utile per darci l\u2019idea e la prima impressione sul probabile vincitore, o almeno sul genere. Mai come in questa 69\u00aa edizione tutto \u00e8 possibile, potrebbe trionfare una melodia piena di sentimento oppure un brano impegnato dai temi sociali, o magari, chiss\u00e0, una bella canzonetta con tanto ritmo e spensieratezza. I ricordi recenti ci portano alla memoria la scimmia che balla (che vinse due anni fa) e alla vecchia che balla (che arriv\u00f2 seconda l\u2019anno scorso).<\/p>\n<p style=\"text-align: justify;\">Di sicuri, al momento, ci sono gli ospiti e i super-ospiti che saliranno sul palco con i loro successi, e quindi fuori concorso. Il direttore di Rai 1 ne ha confermati alcuni tra i pi\u00f9 attesi:\u00a0<strong>Andrea Bocelli<\/strong>\u00a0con il figlio Matteo,\u00a0<strong>Riccardo Cocciante<\/strong>,\u00a0<strong>Giorgia<\/strong>,\u00a0<strong>Elisa<\/strong>,\u00a0<strong>Antonello Venditti<\/strong>,\u00a0<strong>Alessandra Amoroso<\/strong>\u00a0e\u00a0<strong>Eros Ramazzotti<\/strong>. Ci saranno anche\u00a0<strong>Pippo Baudo<\/strong>\u00a0e\u00a0<strong>Fabio<\/strong>\u00a0<strong>Rovazzi<\/strong>\u00a0che abbiamo visto insieme a dicembre alla guida di Sanremo Giovani.<\/p>\n<p style=\"text-align: justify;\"><strong>Claudio Baglioni<\/strong>, riconfermato direttore artistico e conduttore principale della manifestazione, ha annunciato con molta ironia che trasformer\u00e0 il suo ruolo da \u00a0\u201cdittatore\u201d artistico, scelto nella scorsa edizione, in quello di \u00a0\u201cdirottatore\u201d artistico. Ma tornato serio ha precisato che spera veramente in un Festival sorprendente, un\u2019edizione che sia locomotiva e non vagone, insomma che passer\u00e0 alla storia e possa cos\u00ec trascinare le successive.<\/p>\n<p><strong>Paolo Campiglio<\/strong><em>, inviato di Radio 1 al Festival di Sanremo<\/em><\/p>\n<p>Le foto e le altre notizie sul\u00a0<a href=\"http:\/\/www.paolocampiglio.it\/\">blog<\/a><\/p>\n<p><img loading=\"lazy\" decoding=\"async\" class=\"alignnone size-medium wp-image-730\" src=\"https:\/\/www.radio1newyork.com\/wp-content\/uploads\/2019\/02\/17-Prove-luned\u00ec-Teatro-Ariston-300x170.jpg\" alt=\"\" width=\"300\" height=\"170\" srcset=\"https:\/\/www.radio1newyork.com\/wp-content\/uploads\/2019\/02\/17-Prove-luned\u00ec-Teatro-Ariston-300x170.jpg 300w, https:\/\/www.radio1newyork.com\/wp-content\/uploads\/2019\/02\/17-Prove-luned\u00ec-Teatro-Ariston-1024x579.jpg 1024w, https:\/\/www.radio1newyork.com\/wp-content\/uploads\/2019\/02\/17-Prove-luned\u00ec-Teatro-Ariston-768x434.jpg 768w, https:\/\/www.radio1newyork.com\/wp-content\/uploads\/2019\/02\/17-Prove-luned\u00ec-Teatro-Ariston.jpg 1080w\" sizes=\"auto, (max-width: 300px) 100vw, 300px\" \/><\/p>\n","protected":false},"excerpt":{"rendered":"<p>SANREMO \u2013 Nella conferenza stampa d\u2019apertura di luned\u00ec 4 febbraio \u00e8 apparsa chiara a tutti l\u2019intenzione principale della RAI: questo deve essere un Festival diverso da tutti gli altri. Lo&#8230;<\/p>\n","protected":false},"author":2,"featured_media":736,"comment_status":"closed","ping_status":"open","sticky":false,"template":"","format":"standard","meta":{"footnotes":""},"categories":[7],"tags":[],"class_list":{"0":"post-727","1":"post","2":"type-post","3":"status-publish","4":"format-standard","5":"has-post-thumbnail","7":"category-festival-di-sanremo"},"_links":{"self":[{"href":"https:\/\/www.radio1newyork.com\/index.php\/wp-json\/wp\/v2\/posts\/727","targetHints":{"allow":["GET"]}}],"collection":[{"href":"https:\/\/www.radio1newyork.com\/index.php\/wp-json\/wp\/v2\/posts"}],"about":[{"href":"https:\/\/www.radio1newyork.com\/index.php\/wp-json\/wp\/v2\/types\/post"}],"author":[{"embeddable":true,"href":"https:\/\/www.radio1newyork.com\/index.php\/wp-json\/wp\/v2\/users\/2"}],"replies":[{"embeddable":true,"href":"https:\/\/www.radio1newyork.com\/index.php\/wp-json\/wp\/v2\/comments?post=727"}],"version-history":[{"count":3,"href":"https:\/\/www.radio1newyork.com\/index.php\/wp-json\/wp\/v2\/posts\/727\/revisions"}],"predecessor-version":[{"id":746,"href":"https:\/\/www.radio1newyork.com\/index.php\/wp-json\/wp\/v2\/posts\/727\/revisions\/746"}],"wp:featuredmedia":[{"embeddable":true,"href":"https:\/\/www.radio1newyork.com\/index.php\/wp-json\/wp\/v2\/media\/736"}],"wp:attachment":[{"href":"https:\/\/www.radio1newyork.com\/index.php\/wp-json\/wp\/v2\/media?parent=727"}],"wp:term":[{"taxonomy":"category","embeddable":true,"href":"https:\/\/www.radio1newyork.com\/index.php\/wp-json\/wp\/v2\/categories?post=727"},{"taxonomy":"post_tag","embeddable":true,"href":"https:\/\/www.radio1newyork.com\/index.php\/wp-json\/wp\/v2\/tags?post=727"}],"curies":[{"name":"wp","href":"https:\/\/api.w.org\/{rel}","templated":true}]}}