{"id":734,"date":"2019-01-17T11:09:41","date_gmt":"2019-01-17T10:09:41","guid":{"rendered":"https:\/\/www.radio1newyork.com\/?p=734"},"modified":"2019-12-03T12:01:30","modified_gmt":"2019-12-03T11:01:30","slug":"quanto-costa-il-festival-di-sanremo","status":"publish","type":"post","link":"https:\/\/www.radio1newyork.com\/index.php\/2019\/01\/17\/quanto-costa-il-festival-di-sanremo\/","title":{"rendered":"Quanto costa il Festival di Sanremo?"},"content":{"rendered":"<p style=\"text-align: justify;\">SANREMO\u00a0\u2013 Quest\u2019anno la conferenza stampa\u00a0di presentazione del Festival, che si \u00e8 svolta come da tradizione al Teatro dell\u2019Opera del Casin\u00f2 di Sanremo, \u00e8 stata utile a spiegare i costi pi\u00f9 importanti della manifestazione e le principali voci di spesa.<\/p>\n<p style=\"text-align: justify;\">Il primo dettaglio importante \u00e8 sulla scenografia, che coster\u00e0 un botto e avr\u00e0 un palco enorme, proprio come voleva il regista\u00a0<strong>Duccio Forzano<\/strong>\u00a0per adeguare la pi\u00f9 importante manifestazione italiana al trend di molti altri spettacoli visti da milioni di telespettatori come\u00a0X-Factor o l\u2019Eurovision Song Contest.<\/p>\n<p style=\"text-align: justify;\">La RAI ha per\u00f2 voluto subito precisare con una nota ufficiale che i costi complessivi della 69\u00aa edizione sono in linea con quelli precedenti e che gli uffici dell\u2019amministratore delegato\u00a0<strong>Fabrizio Salini<\/strong>\u00a0stanno ultimando un piano di razionalizzazione e di contenimento dei cachet per tutti i conduttori e per gli ospiti.<\/p>\n<p style=\"text-align: justify;\">Per i tre protagonisti della manifestazione \u00e8 previsto un cashet complessivo di 1 milione e 400 mila euro, ripartito in quote differenti:\u00a0<strong>Claudio Baglioni<\/strong>, nel doppio ruolo di conduttore principale e direttore artistico, percepir\u00e0 600 mila euro;\u00a0<strong>Claudio Bisio<\/strong>\u00a0e\u00a0<b>Virginia Raffaele\u00a0<\/b>in qualit\u00e0 di co-conduttori si dovranno accontentare, rispettivamente, di 450 mila e 350 mila euro. L\u2019anno scorso\u00a0<strong>Michelle Hunziker<\/strong>\u00a0e\u00a0<strong>Pierfrancesco Favino<\/strong>\u00a0ottennero leggermente di meno, 400 mila e 300 mila euro, infatti l\u2019ufficio stipendi della RAI vorrebbe ritoccare all\u2019ing\u00f9 i cachet dei due artisti, ma questo \u00e8 complicato dal fatto che proprio quello di Baglioni verrebbe aumentato rispetto all\u2019anno scorso per premiare il grande successo e i numeri record di ascolto.<\/p>\n<p style=\"text-align: justify;\">Le cifre di cui parliamo sono senz\u2019altro importanti ma assolutamente marginali rispetto ai costi complessivi, che si aggirano intorno ai 17 milioni, divisi in due grandi capitoli di spesa: 12 milioni per le spese di produzione televisiva e 5 milioni per quelle collegate alla convenzione finanziaria con il Comune di Sanremo.<\/p>\n<p style=\"text-align: justify;\">Possiamo ricordare che in passate edizioni\u00a0<strong>Giorgio Panariello<\/strong>\u00a0e\u00a0<strong>Paolo Bonolis<\/strong>\u00a0percepirono 1 milione di euro ciascuno e le loro vallette\u00a0<strong>Ilary Blasy<\/strong>\u00a0e\u00a0<strong>Victoria Cabello<\/strong>\u00a0tornarono a casa dopo cinque serate in Riviera con in tasca 500 mila euro la prima e 400 mila euro la seconda. In mezzo\u00a0<strong>Gianni Morandi<\/strong>\u00a0con un compenso di 800 mila euro e a pari-quota\u00a0<strong>Fabio Fazio<\/strong>\u00a0e\u00a0<strong>Carlo Conti<\/strong>\u00a0con 650 mila euro ciascuno. L\u2019unica donna che finora ha condotto il Festival da protagonista principale \u00e8 stata\u00a0<strong>Antonella Clerici\u00a0<\/strong>che nel bel mezzo della crisi economica e le polemiche dell\u2019anno precedente per il compenso di Bonolis fu costretta ad accontentarsi di 500 mila euro ed \u00e8 tutt\u2019oggi la conduttrice principale meno pagata degli ultimi vent\u2019anni.<\/p>\n<p style=\"text-align: justify;\">Al momento non sono previsti ospiti stranieri.\u00a0La conferma \u00e8 arrivata dal direttore artistico:\u00a0<i>\u201cLa regola \u00e8 che l\u2019ospite deve dare qualcosa e non solo prendere. E poi\u00a0Sanremo \u00e8 gi\u00e0 internazionale di suo\u201d.\u00a0<\/i>Ospiti\u00a0sicuri saranno invece\u00a0<strong>Andrea Bocelli<\/strong>,\u00a0<strong>Elisa\u00a0<\/strong>e\u00a0<strong>Giorgia<\/strong>. Per loro sono previsti compensi che variano dai 25 mila ai 50 mila euro per pochi minuti di esibizione.<\/p>\n<p style=\"text-align: justify;\">Anche il fronte dei ricavi corre sugli stessi binari degli ultimi anni e quelli dell\u2019edizione n. 69 dovrebbero viaggiare sulle stesse cifre della precedente, ovvero 26 milioni di euro. Nel 2018 la raccolta pubblicitaria ha sfiorato i 25 milioni di euro e anche nel 2019 gli incassi che arriveranno dalla concessionaria di Viale Mazzini saranno in grado, da soli, di compensare ampiamente i 17 milioni di uscite. Poi va aggiunto 1 altro milione di ricavi commerciali (la vendita dei biglietti del Teatro Ariston, l\u2019uso del marchio e i profitti del televoto). A spanne si prevede un saldo positivo a vantaggio della televisione di Stato che pu\u00f2 oscillare tra i 9 e i 10 milioni di euro, che non saranno comunque sufficienti, come ogni anno, a spegnere il fuoco delle polemiche sui maxi costi del Festival.<\/p>\n<p><strong>Paolo Campiglio<\/strong><em>, inviato di Radio 1 al Festival di Sanremo<\/em><\/p>\n<p>Le foto e le altre notizie sul\u00a0<a href=\"http:\/\/www.paolocampiglio.it\/\">blog<\/a><\/p>\n<div id=\"attachment_735\" style=\"width: 310px\" class=\"wp-caption alignnone\"><img loading=\"lazy\" decoding=\"async\" aria-describedby=\"caption-attachment-735\" class=\"wp-image-735 size-medium\" src=\"https:\/\/www.radio1newyork.com\/wp-content\/uploads\/2019\/11\/6-Nuovo-logo-300x100.jpg\" alt=\"\" width=\"300\" height=\"100\" srcset=\"https:\/\/www.radio1newyork.com\/wp-content\/uploads\/2019\/11\/6-Nuovo-logo-300x100.jpg 300w, https:\/\/www.radio1newyork.com\/wp-content\/uploads\/2019\/11\/6-Nuovo-logo-1024x341.jpg 1024w, https:\/\/www.radio1newyork.com\/wp-content\/uploads\/2019\/11\/6-Nuovo-logo-768x256.jpg 768w, https:\/\/www.radio1newyork.com\/wp-content\/uploads\/2019\/11\/6-Nuovo-logo-1536x512.jpg 1536w, https:\/\/www.radio1newyork.com\/wp-content\/uploads\/2019\/11\/6-Nuovo-logo-2048x683.jpg 2048w\" sizes=\"auto, (max-width: 300px) 100vw, 300px\" \/><p id=\"caption-attachment-735\" class=\"wp-caption-text\"><em>Il logo della 69\u00aa edizione del Festival della canzone italiana.<\/em><\/p><\/div>\n","protected":false},"excerpt":{"rendered":"<p>SANREMO\u00a0\u2013 Quest\u2019anno la conferenza stampa\u00a0di presentazione del Festival, che si \u00e8 svolta come da tradizione al Teatro dell\u2019Opera del Casin\u00f2 di Sanremo, \u00e8 stata utile a spiegare i costi pi\u00f9&#8230;<\/p>\n","protected":false},"author":2,"featured_media":735,"comment_status":"closed","ping_status":"open","sticky":false,"template":"","format":"standard","meta":{"footnotes":""},"categories":[7],"tags":[],"class_list":{"0":"post-734","1":"post","2":"type-post","3":"status-publish","4":"format-standard","5":"has-post-thumbnail","7":"category-festival-di-sanremo"},"_links":{"self":[{"href":"https:\/\/www.radio1newyork.com\/index.php\/wp-json\/wp\/v2\/posts\/734","targetHints":{"allow":["GET"]}}],"collection":[{"href":"https:\/\/www.radio1newyork.com\/index.php\/wp-json\/wp\/v2\/posts"}],"about":[{"href":"https:\/\/www.radio1newyork.com\/index.php\/wp-json\/wp\/v2\/types\/post"}],"author":[{"embeddable":true,"href":"https:\/\/www.radio1newyork.com\/index.php\/wp-json\/wp\/v2\/users\/2"}],"replies":[{"embeddable":true,"href":"https:\/\/www.radio1newyork.com\/index.php\/wp-json\/wp\/v2\/comments?post=734"}],"version-history":[{"count":2,"href":"https:\/\/www.radio1newyork.com\/index.php\/wp-json\/wp\/v2\/posts\/734\/revisions"}],"predecessor-version":[{"id":784,"href":"https:\/\/www.radio1newyork.com\/index.php\/wp-json\/wp\/v2\/posts\/734\/revisions\/784"}],"wp:featuredmedia":[{"embeddable":true,"href":"https:\/\/www.radio1newyork.com\/index.php\/wp-json\/wp\/v2\/media\/735"}],"wp:attachment":[{"href":"https:\/\/www.radio1newyork.com\/index.php\/wp-json\/wp\/v2\/media?parent=734"}],"wp:term":[{"taxonomy":"category","embeddable":true,"href":"https:\/\/www.radio1newyork.com\/index.php\/wp-json\/wp\/v2\/categories?post=734"},{"taxonomy":"post_tag","embeddable":true,"href":"https:\/\/www.radio1newyork.com\/index.php\/wp-json\/wp\/v2\/tags?post=734"}],"curies":[{"name":"wp","href":"https:\/\/api.w.org\/{rel}","templated":true}]}}