{"id":750,"date":"2018-12-10T17:49:28","date_gmt":"2018-12-10T16:49:28","guid":{"rendered":"https:\/\/www.radio1newyork.com\/?p=750"},"modified":"2019-12-03T12:00:13","modified_gmt":"2019-12-03T11:00:13","slug":"giovani-sanremo","status":"publish","type":"post","link":"https:\/\/www.radio1newyork.com\/index.php\/2018\/12\/10\/giovani-sanremo\/","title":{"rendered":"I giovani e Sanremo."},"content":{"rendered":"<p style=\"text-align: justify;\">MILANO \u2013 \u00c8 fin troppo evidente che non sia facile parlare serenamente di musica giovanile all\u2019indomani dell\u2019incredibile tragedia che ha coinvolto molti ragazzi nella discoteca di Corinaldo, in provincia di Ancona, mentre erano in attesa di assistere al concerto di uno dei loro artisti preferiti,\u00a0<strong>Sfera Ebbasta<\/strong>. Torner\u00f2 su questa vicenda quando le dinamiche dell\u2019incidente saranno pi\u00f9 chiare e si potr\u00e0 ragionare con lucidit\u00e0 e freddezza sul mondo che ruota intorno ai pubblici spettacoli e sugli enormi interessi che a volte emergono e molte altre si nascondono dietro questi eventi per i pi\u00f9 giovani.<\/p>\n<p style=\"text-align: justify;\">Veniamo quindi all\u2019argomento dell\u2019articolo,\u00a0l\u201911\u00aa edizione televisiva di\u00a0<b>Sanremo Giovani<\/b>, condotta quest\u2019anno da una coppia inedita e tutta da scoprire:\u00a0<strong>Pippo Baudo<\/strong>, veterano, volto simbolo e\u00a0<em>recordman<\/em>\u00a0del Festival della canzone italiana con ben 13 manifestazioni alle spalle e\u00a0<strong>Fabio Rovazzi<\/strong>, che invece al Teatro Ariston non ha mai messo piede, se non magari in platea tra il pubblico.<\/p>\n<p style=\"text-align: justify;\">A loro spetter\u00e0 introdurre i finalisti del concorso, gi\u00e0 selezionati da una commissione musicale, che saranno valutati dalla giuria di qualit\u00e0 presieduta da\u00a0<strong>Luca Barbarossa<\/strong>. Come ho potuto anticiparvi fin dall\u2019articolo del 1\u00b0 ottobre (<a href=\"https:\/\/paolocampiglio.wordpress.com\/2018\/10\/01\/sanremo-2019\/\">cliccare qui<\/a>) sar\u00e0 proprio tra due settimane che saranno svelati i nomi di tutti i 24 cantanti che parteciperanno al\u00a0<strong>Festival di Sanremo 2019<\/strong>, tra i quali ci saranno di diritto i primi due classificati di Sanremo Giovani.<\/p>\n<p style=\"text-align: justify;\">Per questo l\u2019appuntamento di gioved\u00ec 20 e venerd\u00ec 21 dicembre in prima serata su Rai 1 e Radio 2 sar\u00e0 seguito da tutti gli addetti ai lavori perch\u00e9 dietro a ogni artista che spera di partecipare ci sono\u00a0case discografiche, societ\u00e0 di comunicazione per i profili dei social network, addetti che curano le relazioni con la stampa e altri che organizzano i passaggi preliminari in radio, stilisti che vestono i cantanti dal cappello sulla testa alle scarpe ai piedi,\u00a0parrucchieri e truccatori di fiducia, oltre a uno stuolo di assistenti personali nella camera d\u2019albergo e nel camerino del Teatro Ariston, fino agli autisti di fiducia e agli addetti alla sicurezza.<\/p>\n<p><strong>Paolo Campiglio<\/strong><em>, inviato di Radio 1 al Festival di Sanremo<\/em><\/p>\n<p>Le foto e le altre notizie sul\u00a0<a href=\"http:\/\/www.paolocampiglio.it\/\">blog<\/a><\/p>\n<div id=\"attachment_752\" style=\"width: 310px\" class=\"wp-caption alignnone\"><img loading=\"lazy\" decoding=\"async\" aria-describedby=\"caption-attachment-752\" class=\"wp-image-752 size-medium\" src=\"https:\/\/www.radio1newyork.com\/wp-content\/uploads\/2019\/11\/3-Pippo-Baudo-e-Fabio-Rovazzi-300x169.jpg\" alt=\"\" width=\"300\" height=\"169\" srcset=\"https:\/\/www.radio1newyork.com\/wp-content\/uploads\/2019\/11\/3-Pippo-Baudo-e-Fabio-Rovazzi-300x169.jpg 300w, https:\/\/www.radio1newyork.com\/wp-content\/uploads\/2019\/11\/3-Pippo-Baudo-e-Fabio-Rovazzi-1024x576.jpg 1024w, https:\/\/www.radio1newyork.com\/wp-content\/uploads\/2019\/11\/3-Pippo-Baudo-e-Fabio-Rovazzi-768x432.jpg 768w, https:\/\/www.radio1newyork.com\/wp-content\/uploads\/2019\/11\/3-Pippo-Baudo-e-Fabio-Rovazzi.jpg 1280w\" sizes=\"auto, (max-width: 300px) 100vw, 300px\" \/><p id=\"caption-attachment-752\" class=\"wp-caption-text\"><em><strong>Pippo Baudo<\/strong> e <strong>Fabio Rovazzi<\/strong>, conduttori di Sanremo Giovani 2018.<\/em><\/p><\/div>\n","protected":false},"excerpt":{"rendered":"<p>MILANO \u2013 \u00c8 fin troppo evidente che non sia facile parlare serenamente di musica giovanile all\u2019indomani dell\u2019incredibile tragedia che ha coinvolto molti ragazzi nella discoteca di Corinaldo, in provincia di&#8230;<\/p>\n","protected":false},"author":2,"featured_media":751,"comment_status":"closed","ping_status":"open","sticky":false,"template":"","format":"standard","meta":{"footnotes":""},"categories":[7],"tags":[],"class_list":{"0":"post-750","1":"post","2":"type-post","3":"status-publish","4":"format-standard","5":"has-post-thumbnail","7":"category-festival-di-sanremo"},"_links":{"self":[{"href":"https:\/\/www.radio1newyork.com\/index.php\/wp-json\/wp\/v2\/posts\/750","targetHints":{"allow":["GET"]}}],"collection":[{"href":"https:\/\/www.radio1newyork.com\/index.php\/wp-json\/wp\/v2\/posts"}],"about":[{"href":"https:\/\/www.radio1newyork.com\/index.php\/wp-json\/wp\/v2\/types\/post"}],"author":[{"embeddable":true,"href":"https:\/\/www.radio1newyork.com\/index.php\/wp-json\/wp\/v2\/users\/2"}],"replies":[{"embeddable":true,"href":"https:\/\/www.radio1newyork.com\/index.php\/wp-json\/wp\/v2\/comments?post=750"}],"version-history":[{"count":2,"href":"https:\/\/www.radio1newyork.com\/index.php\/wp-json\/wp\/v2\/posts\/750\/revisions"}],"predecessor-version":[{"id":781,"href":"https:\/\/www.radio1newyork.com\/index.php\/wp-json\/wp\/v2\/posts\/750\/revisions\/781"}],"wp:featuredmedia":[{"embeddable":true,"href":"https:\/\/www.radio1newyork.com\/index.php\/wp-json\/wp\/v2\/media\/751"}],"wp:attachment":[{"href":"https:\/\/www.radio1newyork.com\/index.php\/wp-json\/wp\/v2\/media?parent=750"}],"wp:term":[{"taxonomy":"category","embeddable":true,"href":"https:\/\/www.radio1newyork.com\/index.php\/wp-json\/wp\/v2\/categories?post=750"},{"taxonomy":"post_tag","embeddable":true,"href":"https:\/\/www.radio1newyork.com\/index.php\/wp-json\/wp\/v2\/tags?post=750"}],"curies":[{"name":"wp","href":"https:\/\/api.w.org\/{rel}","templated":true}]}}