{"id":755,"date":"2018-11-22T17:54:50","date_gmt":"2018-11-22T16:54:50","guid":{"rendered":"https:\/\/www.radio1newyork.com\/?p=755"},"modified":"2019-11-30T17:57:20","modified_gmt":"2019-11-30T16:57:20","slug":"date-cantanti-programma-di-sanremo-2019","status":"publish","type":"post","link":"https:\/\/www.radio1newyork.com\/index.php\/2018\/11\/22\/date-cantanti-programma-di-sanremo-2019\/","title":{"rendered":"Date, cantanti, programma di Sanremo 2019."},"content":{"rendered":"<p style=\"text-align: justify;\">MILANO \u2013 Con la pubblicazione del Regolamento ufficiale, la RAI ha comunicato che\u00a0<strong>la 69\u00aa edizione del Festival della canzone italiana si svolger\u00e0 a Sanremo dal 5 al 9 febbraio 2019<\/strong>.<\/p>\n<p style=\"text-align: justify;\">Per il secondo anno consecutivo\u00a0<strong>Claudio Baglioni<\/strong>\u00a0sar\u00e0 sia il direttore artistico che il conduttore principale della manifestazione.\u00a0Nel\u00a0<a href=\"https:\/\/paolocampiglio.wordpress.com\/2018\/10\/01\/sanremo-2019\/\">precedente articolo<\/a>\u00a0del 1\u00b0 ottobre siamo stati in grado di anticipare che l\u2019organizzazione della manifestazione, affidata come d\u2019abitudine alla direzione di Rai Uno, ha accolto entrambi i suggerimenti di Baglioni, condizione indispensabile per fargli accettare il rinnovo del doppio incarico, ovvero il completamento del\u00a0percorso di rinnovamento della manifestazione, iniziato nel 2018 con l\u2019abolizione delle eliminazioni e che proseguir\u00e0 nel 2019 con l\u2019<strong>abolizione della categoria Nuove Proposte<\/strong>\u00a0(sostituita dal format Sanremo Giovani che promuove\u00a0direttamente i due primi classificati tra i Big e gli eleva automaticamente alla categoria Campioni) e con la completa riscrittura del capitolo del Regolamento sui\u00a0<strong>requisiti che devono avere le canzoni per essere considerate nuove<\/strong>.\u00a0<a href=\"https:\/\/paolocampiglio.wordpress.com\/2018\/02\/08\/terza-serata-sanremo-2018\/\">Qui l\u2019articolo<\/a>\u00a0sull\u2019aspra polemica nella scorsa edizione sul brano\u00a0\u201cNon mi avete fatto niente\u201d\u00a0di\u00a0Ermal Meta\u00a0e\u00a0Fabrizio Moro\u00a0a rischio di eliminazione per un presunto plagio.<\/p>\n<p style=\"text-align: justify;\">Fino all\u2019anno scorso infatti il Regolamento dedicava tre righe all\u2019argomento, quest\u2019anno sono state necessarie due pagine con specificazioni nel dettaglio sul significato delle terminologie \u201ccanzone nuova\u201d e\u00a0 \u201ccanzone inedita\u201d e sulla riduzione da un terzo a un quinto del tempo complessivo di ciascun componimento per citare stralci di altri brani, anche se editi dallo stesso autore.<\/p>\n<p style=\"text-align: justify;\">La competizione tra i\u00a0<strong>24 cantanti<\/strong>\u00a0inseriti nell\u2019unica categoria in gara, quella dei\u00a0<strong>Campioni<\/strong>, si articoler\u00e0 nelle tradizionali cinque serate, con modalit\u00e0 differenti l\u2019una dall\u2019altra, in modo che senza le divisioni tra Campioni e Nuove Proposte ci possano essere solo semplici artisti che concorreranno alla pari affinch\u00e9 la loro canzone possa conseguire la vittoria. Perch\u00e9, come l\u2019anno scorso,\u00a0<strong>anche senza eliminazioni, una gara c\u2019\u00e8 e qualcuno deve vincerla.<\/strong>\u00a0Questa \u00e8 una piccola rivoluzione, ma non una novit\u00e0, infatti la doppia categoria \u00e8 stata istituita nel 1984 quando a trionfare tra i giovani fu Eros Ramazzotti con\u00a0\u201cTerra promessa\u201d.<\/p>\n<p style=\"text-align: justify;\">Secondo il\u00a0<strong>palinsesto\u00a0<\/strong>annunciato dalla RAI a beneficio innanzitutto degli inserzionisti pubblicitari che programmano per tempo questo investimento, nella\u00a0<strong>prima<\/strong>\u00a0serata tutti i 24\u00a0artisti in gara canteranno per la prima volta il proprio brano; nella\u00a0<strong>seconda<\/strong>\u00a0serata ci sar\u00e0 un secondo ascolto di\u00a012 delle 24 canzoni in gara; nella\u00a0<strong>terza<\/strong>\u00a0serata saranno ascoltate le restanti\u00a012 delle 24 canzoni in gara; nella\u00a0<strong>quarta<\/strong>\u00a0serata ogni artista si esibir\u00e0 in compagnia di un ospite a sua scelta ed eseguir\u00e0 il proprio brano\u00a0in una versione appositamente rivisitata per quest\u2019occasione speciale; nella\u00a0<strong>serata finale<\/strong>\u00a0tutti i 24 artisti riproporranno i loro brani nella versione tradizionale e sar\u00e0 proclamato il vincitore.<\/p>\n<p style=\"text-align: justify;\"><strong>I nomi dei cantanti\u00a0<\/strong>ammessi alla fase finale della manifestazione saranno annunciati durante Sanremo Giovani, gioved\u00ec 20 e venerd\u00ec 21 dicembre, ma le due case discografiche che tradizionalmente si danno battaglia (<em>Sony<\/em>\u00a0e\u00a0<em>Universal<\/em>) sono gi\u00e0 pronte a inserire pi\u00f9 loro artisti possibili nella fase finale della kermesse, lasciando ovviamente le briciole alle etichette indipendenti, che pure l\u2019anno scorso una di loro espresse il vincitore nella categoria Nuove Proposte, appunto abolita in quest\u2019edizione.<\/p>\n<p><strong>Paolo Campiglio<\/strong><em>, inviato di Radio 1 al Festival di Sanremo<\/em><\/p>\n<p>Le foto e le altre notizie sul\u00a0<a href=\"http:\/\/www.paolocampiglio.it\/\">blog<\/a><\/p>\n<p>&nbsp;<\/p>\n","protected":false},"excerpt":{"rendered":"<p>MILANO \u2013 Con la pubblicazione del Regolamento ufficiale, la RAI ha comunicato che\u00a0la 69\u00aa edizione del Festival della canzone italiana si svolger\u00e0 a Sanremo dal 5 al 9 febbraio 2019&#8230;.<\/p>\n","protected":false},"author":2,"featured_media":756,"comment_status":"closed","ping_status":"open","sticky":false,"template":"","format":"standard","meta":{"footnotes":""},"categories":[7],"tags":[],"class_list":{"0":"post-755","1":"post","2":"type-post","3":"status-publish","4":"format-standard","5":"has-post-thumbnail","7":"category-festival-di-sanremo"},"_links":{"self":[{"href":"https:\/\/www.radio1newyork.com\/index.php\/wp-json\/wp\/v2\/posts\/755","targetHints":{"allow":["GET"]}}],"collection":[{"href":"https:\/\/www.radio1newyork.com\/index.php\/wp-json\/wp\/v2\/posts"}],"about":[{"href":"https:\/\/www.radio1newyork.com\/index.php\/wp-json\/wp\/v2\/types\/post"}],"author":[{"embeddable":true,"href":"https:\/\/www.radio1newyork.com\/index.php\/wp-json\/wp\/v2\/users\/2"}],"replies":[{"embeddable":true,"href":"https:\/\/www.radio1newyork.com\/index.php\/wp-json\/wp\/v2\/comments?post=755"}],"version-history":[{"count":1,"href":"https:\/\/www.radio1newyork.com\/index.php\/wp-json\/wp\/v2\/posts\/755\/revisions"}],"predecessor-version":[{"id":757,"href":"https:\/\/www.radio1newyork.com\/index.php\/wp-json\/wp\/v2\/posts\/755\/revisions\/757"}],"wp:featuredmedia":[{"embeddable":true,"href":"https:\/\/www.radio1newyork.com\/index.php\/wp-json\/wp\/v2\/media\/756"}],"wp:attachment":[{"href":"https:\/\/www.radio1newyork.com\/index.php\/wp-json\/wp\/v2\/media?parent=755"}],"wp:term":[{"taxonomy":"category","embeddable":true,"href":"https:\/\/www.radio1newyork.com\/index.php\/wp-json\/wp\/v2\/categories?post=755"},{"taxonomy":"post_tag","embeddable":true,"href":"https:\/\/www.radio1newyork.com\/index.php\/wp-json\/wp\/v2\/tags?post=755"}],"curies":[{"name":"wp","href":"https:\/\/api.w.org\/{rel}","templated":true}]}}