{"id":792,"date":"2018-02-10T12:06:46","date_gmt":"2018-02-10T11:06:46","guid":{"rendered":"https:\/\/www.radio1newyork.com\/?p=792"},"modified":"2019-12-03T12:11:32","modified_gmt":"2019-12-03T11:11:32","slug":"video-sala-stampa-ariston","status":"publish","type":"post","link":"https:\/\/www.radio1newyork.com\/index.php\/2018\/02\/10\/video-sala-stampa-ariston\/","title":{"rendered":"I video della Sala Stampa."},"content":{"rendered":"<p style=\"text-align: justify;\">SANREMO \u2013 L\u2019ingresso in Sala Stampa, tre video e quattro controlli di sicurezza superati.<br \/>\nColazione all\u2019Ariston.<\/p>\n<p style=\"text-align: justify;\">Per adesso visibili sul profilo Facebook:\u00a0<strong><a href=\"http:\/\/www.facebook.com\/paolo.campiglio\" rel=\"nofollow\">http:\/\/www.facebook.com\/paolo.campiglio<\/a><\/strong>\u00a0nell\u2019album Sanremo 2018.<\/p>\n<p style=\"text-align: justify;\">A mezzogiorno la tradizione conferenza stampa quotidiana sar\u00e0 preceduta dall\u2019incontro con il vincitore del Festival di Sanremo 2018 per la categoria Nuove Proposte\u00a0<strong>Niccol\u00f2 Moriconi<\/strong>, in arte\u00a0<strong>Ultimo<\/strong>, che era in gara con il\u00a0brano\u00a0\u201cil ballo delle incertezze\u201d e dal vincitore del Premio della Critica intitolato a Mia Martini assegnato da 132 giornalisti della Sala Stampa al brano \u201cStiamo tutti bene\u201d interpretato da\u00a0<strong>Mirko Mancini<\/strong>, in arte\u00a0<strong>Mirkoeilcane<\/strong>\u00a0(che ha ottenuto ben 74 voti, al secondo posto con 19 voti si \u00e8 posizionato\u00a0<strong>Ultimo<\/strong>\u00a0e al terzo posto con 12 voti \u2013 tra cui il mio \u2013 \u00e8 arrivato\u00a0<strong>Mudimbi<\/strong>. Voti validi 130, schede nulle 2.<\/p>\n<p style=\"text-align: justify;\">La quarta serata ha fatto registrare un ulteriore record di ascolti e, come per la terza, \u00e8 stato superato lo share migliore dal 1999 con oltre il 51% di telespettatori. Sono stati infatti 10 milioni e 108 mila gli italiani che hanno seguito Rai 1 con un picco alle 22:35 che ha raggiunto 13 milioni e 762 mila spettatori pari al 61,1% di share.<\/p>\n<p style=\"text-align: justify;\">Oggi si chiude con la serata finale degli artisti in gara per la categoria dei Campioni che si esibiranno per l\u2019ultima volta sul palco dell\u2019Ariston in quest\u2019ordine di uscita: Luca Barbarossa, Red Canzian, The Kolors, Elio e le storie tese, Ron, Max Gazz\u00e8, Annalisa, Renzo Rubino, Decibel, Ornella Vanoni, Giovanni Caccamo, Lo Stato Sociale, Roby Facchinetti e Riccardo Fogli, Diodato e Roy Paci, Nina Zilli, Noemi, Ermal Meta e Fabrizio Moro, Enzo Avitabile e Peppe Servillo, Le vibrazioni e Mario Biondi.<\/p>\n<p style=\"text-align: justify;\">Guardando la scaletta distribuita in Sala Stampa si nota che anche stasera, e come poteva essere diversamente, gli ospiti saranno ancora una volta incentrati sulla musica.\u00a0<strong>Laura Pausini<\/strong>\u00a0sar\u00e0 presente dopo la laringite che l aveva costretta a rinunciare nella serata inaugurale e si esibir\u00e0 dalla passerella come previsto gi\u00e0 da marted\u00ec. Quindi toccher\u00e0 a<strong>\u00a0Fiorella Mannoia<\/strong>\u00a0e al trio composto da<strong>\u00a0Nek<\/strong>,<strong>\u00a0Max Pezzali\u00a0<\/strong>e<strong>\u00a0Francesco Renga.\u00a0<\/strong>Mentre viene lasciato un dubbio sul ritorno di Fiorello, \u00e8 certa la presenza di\u00a0<strong>Antonella Clerici<\/strong>\u00a0che da venerd\u00ec prossimo condurr\u00e0\u00a0<em>Sanremo Young<\/em>, il mini-festival con gli adolescenti sempre in onda su\u00a0<strong>Rai 1<\/strong>.<\/p>\n<p style=\"text-align: justify;\" data-adtags-visited=\"true\"><strong>Paolo Campiglio<\/strong><em>, inviato di Radio 1 al Festival di Sanremo<\/em><\/p>\n<p data-adtags-visited=\"true\">Le foto e le altre notizie sul <a href=\"http:\/\/www.paolocampiglio.it\">blog<\/a><\/p>\n<div id=\"attachment_794\" style=\"width: 310px\" class=\"wp-caption alignnone\"><img loading=\"lazy\" decoding=\"async\" aria-describedby=\"caption-attachment-794\" class=\"size-medium wp-image-794\" src=\"https:\/\/www.radio1newyork.com\/wp-content\/uploads\/2019\/12\/44-conferenza-stampa-Ultimo-1-300x218.jpg\" alt=\"\" width=\"300\" height=\"218\" srcset=\"https:\/\/www.radio1newyork.com\/wp-content\/uploads\/2019\/12\/44-conferenza-stampa-Ultimo-1-300x218.jpg 300w, https:\/\/www.radio1newyork.com\/wp-content\/uploads\/2019\/12\/44-conferenza-stampa-Ultimo-1-768x558.jpg 768w, https:\/\/www.radio1newyork.com\/wp-content\/uploads\/2019\/12\/44-conferenza-stampa-Ultimo-1.jpg 1024w\" sizes=\"auto, (max-width: 300px) 100vw, 300px\" \/><p id=\"caption-attachment-794\" class=\"wp-caption-text\"><em>Tra poco l\u2019incontro con il vincitore del Festival di Sanremo 2018 per la categoria Nuove Proposte <strong>Niccol\u00f2 Moriconi<\/strong>, in arte <strong>Ultimo<\/strong>, con il brano \u201cil ballo delle incertezze\u201d.<\/em><\/p><\/div>\n","protected":false},"excerpt":{"rendered":"<p>SANREMO \u2013 L\u2019ingresso in Sala Stampa, tre video e quattro controlli di sicurezza superati. Colazione all\u2019Ariston. Per adesso visibili sul profilo Facebook:\u00a0http:\/\/www.facebook.com\/paolo.campiglio\u00a0nell\u2019album Sanremo 2018. A mezzogiorno la tradizione conferenza stampa&#8230;<\/p>\n","protected":false},"author":2,"featured_media":793,"comment_status":"closed","ping_status":"open","sticky":false,"template":"","format":"standard","meta":{"footnotes":""},"categories":[7],"tags":[],"class_list":{"0":"post-792","1":"post","2":"type-post","3":"status-publish","4":"format-standard","5":"has-post-thumbnail","7":"category-festival-di-sanremo"},"_links":{"self":[{"href":"https:\/\/www.radio1newyork.com\/index.php\/wp-json\/wp\/v2\/posts\/792","targetHints":{"allow":["GET"]}}],"collection":[{"href":"https:\/\/www.radio1newyork.com\/index.php\/wp-json\/wp\/v2\/posts"}],"about":[{"href":"https:\/\/www.radio1newyork.com\/index.php\/wp-json\/wp\/v2\/types\/post"}],"author":[{"embeddable":true,"href":"https:\/\/www.radio1newyork.com\/index.php\/wp-json\/wp\/v2\/users\/2"}],"replies":[{"embeddable":true,"href":"https:\/\/www.radio1newyork.com\/index.php\/wp-json\/wp\/v2\/comments?post=792"}],"version-history":[{"count":1,"href":"https:\/\/www.radio1newyork.com\/index.php\/wp-json\/wp\/v2\/posts\/792\/revisions"}],"predecessor-version":[{"id":795,"href":"https:\/\/www.radio1newyork.com\/index.php\/wp-json\/wp\/v2\/posts\/792\/revisions\/795"}],"wp:featuredmedia":[{"embeddable":true,"href":"https:\/\/www.radio1newyork.com\/index.php\/wp-json\/wp\/v2\/media\/793"}],"wp:attachment":[{"href":"https:\/\/www.radio1newyork.com\/index.php\/wp-json\/wp\/v2\/media?parent=792"}],"wp:term":[{"taxonomy":"category","embeddable":true,"href":"https:\/\/www.radio1newyork.com\/index.php\/wp-json\/wp\/v2\/categories?post=792"},{"taxonomy":"post_tag","embeddable":true,"href":"https:\/\/www.radio1newyork.com\/index.php\/wp-json\/wp\/v2\/tags?post=792"}],"curies":[{"name":"wp","href":"https:\/\/api.w.org\/{rel}","templated":true}]}}