{"id":796,"date":"2018-02-09T12:11:50","date_gmt":"2018-02-09T11:11:50","guid":{"rendered":"https:\/\/www.radio1newyork.com\/?p=796"},"modified":"2019-12-03T12:15:06","modified_gmt":"2019-12-03T11:15:06","slug":"quarta-serata-sanremo-2018","status":"publish","type":"post","link":"https:\/\/www.radio1newyork.com\/index.php\/2018\/02\/09\/quarta-serata-sanremo-2018\/","title":{"rendered":"La serata dei duetti."},"content":{"rendered":"<p style=\"text-align: justify;\">SANREMO \u2013 La sessantottesima edizione del Festival si conferma come una macinatrice di record d\u2019ascolti e il direttore artistico Claudio Baglioni, a due serate dalla conclusione della manifestazione, incassa il miglior risultato dal 1999 in termini di share.<\/p>\n<p style=\"text-align: justify;\">La quarta serata sar\u00e0 caratterizzata dal ritorno dei venti Campioni in gara che riproporranno le loro canzoni, ma rivisitate con l\u2019aiuto di un ospite che affiancher\u00e0\u00a0i cantanti. Il duetto pi\u00f9 atteso vedr\u00e0 protagonisti i bambini del\u00a0<strong>Piccolo Coro dell\u2019Antoniano<\/strong>\u00a0che tornano a Sanremo con\u00a0<strong>Lo Stato Sociale<\/strong>, in gara con il brano \u201cUna vita in vacanza\u201d.<\/p>\n<p style=\"text-align: justify;\">All\u2019inizio per\u00f2 si esibiranno tutti gli 8 giovani in gara per la categoria Nuove Proposte e verso le 22:30 sapremo gi\u00e0 chi avr\u00e0 vinto quest\u2019edizione. Andranno in scena in quest\u2019ordine di uscita:\u00a0Leonardo Monteiro, Mirkoeilcane, Alice Caioli, Ultimo, Giulia Casieri, Mudimbi, Eva e Lorenzo Baglioni.<\/p>\n<p style=\"text-align: justify;\">A seguire, dicevamo,\u00a0ascolteremo in quest\u2019ordine i 20 duetti delle canzoni in gara per la categoria dei Campioni:\u00a0Renzo Rubino con Serena Rossi, Le Vibrazioni con Skin, Noemi con Paola Turci, Mario Biondi con Ana Carolina e Daniel Jobmin, Annalisa con Michele Bravi, Lo Stato Sociale con Paolo Rossi e Il Piccolo Coro dell\u2019Antoniano, Max Gazz\u00e8 con Rita Marcotulli e Roberto Gatto, The Kolors con Tullio De Pisciopo ed Enrico Nigiotti, Ornella Vanoni con Bungaro e Pacifico con Alessandro Preziosi, Diodato e Roy Paci con Ghemon, Roby Facchinetti e Riccardo Fogli con Giusy Ferreri, Enzo Avitabile e Peppe Servillo con Avion Travel e Daby e Tour\u00e9, Ermal Meta e Fabrizio Moro con Simone Cristicchi, Giovanni Caccamo con Arisa, Ron con Alice, Red Canzian con Marco Masini, Decibel con Midge Ure, Luca Barbarossa con Anna Foglietta, Nina Zilli con Sergio Cammariere, Elio e le storie tese con i Neri Per Caso.<\/p>\n<p style=\"text-align: justify;\">Gli ospiti saranno\u00a0<strong>Gianna Nannini<\/strong>,\u00a0<strong>Piero Pel\u00f9<\/strong>,\u00a0<strong>Federica Sciarelli<\/strong>\u00a0e la figlia di\u00a0<strong>Milva\u00a0<\/strong>a cui sar\u00e0 consegnato il Premio alla Carriera dedicato alla mamma.<\/p>\n<p style=\"text-align: justify;\">Oggi la Sala Stampa ha votato anche per l\u2019assegnazione del Premio della Critica intitolato a Mia Martini, sia per la categoria Nuove Proposte che per quella dei Campioni. Il risultato dei Giovani sar\u00e0 reso noto in serata e quello dei Campioni domani sera.<\/p>\n<p style=\"text-align: justify;\" data-adtags-visited=\"true\"><strong>Paolo Campiglio<\/strong><em>, inviato di Radio 1 al Festival di Sanremo<\/em><\/p>\n<p data-adtags-visited=\"true\">Le foto e le altre notizie sul <a href=\"http:\/\/www.paolocampiglio.it\">blog<\/a><\/p>\n<div id=\"attachment_797\" style=\"width: 310px\" class=\"wp-caption alignnone\"><img loading=\"lazy\" decoding=\"async\" aria-describedby=\"caption-attachment-797\" class=\"size-medium wp-image-797\" src=\"https:\/\/www.radio1newyork.com\/wp-content\/uploads\/2019\/12\/40-Sabrina-Simoni-e-il-Piccolo-Coro-dellAntoniano-300x225.jpg\" alt=\"\" width=\"300\" height=\"225\" srcset=\"https:\/\/www.radio1newyork.com\/wp-content\/uploads\/2019\/12\/40-Sabrina-Simoni-e-il-Piccolo-Coro-dellAntoniano-300x225.jpg 300w, https:\/\/www.radio1newyork.com\/wp-content\/uploads\/2019\/12\/40-Sabrina-Simoni-e-il-Piccolo-Coro-dellAntoniano-768x576.jpg 768w, https:\/\/www.radio1newyork.com\/wp-content\/uploads\/2019\/12\/40-Sabrina-Simoni-e-il-Piccolo-Coro-dellAntoniano.jpg 1024w\" sizes=\"auto, (max-width: 300px) 100vw, 300px\" \/><p id=\"caption-attachment-797\" class=\"wp-caption-text\"><em>Con la direttrice <strong>Sabrina Simoni<\/strong> e i bambini del <strong>Piccolo Coro dell\u2019Antoniano<\/strong> che stasera tornano al Festival di Sanremo nel duetto pi\u00f9 atteso con Lo Stato Sociale, in gara tra i campioni con il brano \u201cUna vita in vacanza\u201d.<\/em><\/p><\/div>\n","protected":false},"excerpt":{"rendered":"<p>SANREMO \u2013 La sessantottesima edizione del Festival si conferma come una macinatrice di record d\u2019ascolti e il direttore artistico Claudio Baglioni, a due serate dalla conclusione della manifestazione, incassa il&#8230;<\/p>\n","protected":false},"author":2,"featured_media":797,"comment_status":"closed","ping_status":"open","sticky":false,"template":"","format":"standard","meta":{"footnotes":""},"categories":[7],"tags":[],"class_list":{"0":"post-796","1":"post","2":"type-post","3":"status-publish","4":"format-standard","5":"has-post-thumbnail","7":"category-festival-di-sanremo"},"_links":{"self":[{"href":"https:\/\/www.radio1newyork.com\/index.php\/wp-json\/wp\/v2\/posts\/796","targetHints":{"allow":["GET"]}}],"collection":[{"href":"https:\/\/www.radio1newyork.com\/index.php\/wp-json\/wp\/v2\/posts"}],"about":[{"href":"https:\/\/www.radio1newyork.com\/index.php\/wp-json\/wp\/v2\/types\/post"}],"author":[{"embeddable":true,"href":"https:\/\/www.radio1newyork.com\/index.php\/wp-json\/wp\/v2\/users\/2"}],"replies":[{"embeddable":true,"href":"https:\/\/www.radio1newyork.com\/index.php\/wp-json\/wp\/v2\/comments?post=796"}],"version-history":[{"count":1,"href":"https:\/\/www.radio1newyork.com\/index.php\/wp-json\/wp\/v2\/posts\/796\/revisions"}],"predecessor-version":[{"id":798,"href":"https:\/\/www.radio1newyork.com\/index.php\/wp-json\/wp\/v2\/posts\/796\/revisions\/798"}],"wp:featuredmedia":[{"embeddable":true,"href":"https:\/\/www.radio1newyork.com\/index.php\/wp-json\/wp\/v2\/media\/797"}],"wp:attachment":[{"href":"https:\/\/www.radio1newyork.com\/index.php\/wp-json\/wp\/v2\/media?parent=796"}],"wp:term":[{"taxonomy":"category","embeddable":true,"href":"https:\/\/www.radio1newyork.com\/index.php\/wp-json\/wp\/v2\/categories?post=796"},{"taxonomy":"post_tag","embeddable":true,"href":"https:\/\/www.radio1newyork.com\/index.php\/wp-json\/wp\/v2\/tags?post=796"}],"curies":[{"name":"wp","href":"https:\/\/api.w.org\/{rel}","templated":true}]}}