{"id":799,"date":"2018-02-08T12:15:21","date_gmt":"2018-02-08T11:15:21","guid":{"rendered":"https:\/\/www.radio1newyork.com\/?p=799"},"modified":"2019-12-03T12:19:34","modified_gmt":"2019-12-03T11:19:34","slug":"terza-serata-sanremo-2018","status":"publish","type":"post","link":"https:\/\/www.radio1newyork.com\/index.php\/2018\/02\/08\/terza-serata-sanremo-2018\/","title":{"rendered":"Sospesi e riammessi."},"content":{"rendered":"<p style=\"text-align: justify;\">SANREMO \u2013 Come avevo accennato ieri in diretta nel corso di un aggiornamento straordinario,\u00a0Ermal Meta e Fabrizio Moro erano stati sospesi dalla manifestazione per una\u00a0presunta violazione del regolamento del Festival. Oggi all\u2019inizio della conferenza stampa quotidiana il direttore di Rai 1\u00a0<strong>Angelo Teodoli<\/strong>\u00a0ha reso noto che a norma di regolamento e delle valutazioni tecniche effettuate dall\u2019ufficio legale, il brano \u201cNon mi avete fatto niente\u201d proposto da\u00a0<strong>Ermal Meta<\/strong>\u00a0e\u00a0<strong>Fabrizio Moro<\/strong>\u00a0resta in gara tra i Campioni. Il tema resta comunque dubbio, tant\u2019\u00e8 vero che ci sono volute 36 ore ai legali Rai per sbrogliarlo e\u00a0ci hanno gi\u00e0 fatto capire che il regolamento delle prossime edizioni sar\u00e0 pi\u00f9 rigido, altrimenti l\u2019anno prossimo, per fare un esempio, Claudio Baglioni potrebbe portare tranquillamente un brano che riprende per un terzo la melodia e il testo di \u201cQuesto piccolo grande amore\u201d ed essere quindi considerato inedito visto che l\u2019autore \u00e8 sempre lui che cita s\u00e9 stesso per meno di un terzo della durata complessiva del brano proposto.<\/p>\n<p style=\"text-align: justify;\">Comunque queste sono le motivazioni ufficiali, inappellabili a norma di regolamento:\u00a0\u00abA seguito delle valutazioni effettuate, l\u2019ufficio legale della RAI ritiene che il brano \u201cNon mi avete fatto niente\u201d non vada escluso da Sanremo 2018 in quanto conforme al requisito di novit\u00e0 previsto dal regolamento, poich\u00e9 contiene stralci del brano \u201cSilenzio\u201d (presentato a Sanremo Giovani 2016) in misura inferiore a un terzo delle durata, quindi la circostanza che il brano sia stato gi\u00e0 fruito non inficia la novit\u00e0 della canzone in gara. Inoltre i due brani hanno stesure, durata, testi e melodie diverse e la somma degli stralci non supera un minuto e 3 secondi su una durata complessiva di 3 minuti e 24 secondi, dunque inferiore a un terzo. In conclusione, le due canzoni, pur presentando analogie, non sono la stessa e \u201cNon mi avete fatto niente\u201d \u00e8 quindi considerata nuova e resta in gara\u00bb.<\/p>\n<p style=\"text-align: justify;\">Tornando alla competizione musicale, anche nella seconda serata gli ascolti crescono di oltre un punto di share rispetto alla scorsa edizione. Sono stati 9 milioni e 867 mila i telespettatori che hanno seguito su Rai 1 la seconda serata con uno share del 47,7%.<\/p>\n<p style=\"text-align: justify;\">Stasera durante la terza serata si esibiranno i restanti 4 giovani artisti in gara tra le Nuove proposte e i restanti 10 artisti in gara per la sezione dei Campioni con il seguente ordine di uscita sul palco: Mudimbi, Eva Pevarello, Ultimo e Leonardo Monteiro per le Nuove proposte; e\u00a0Giovanni Caccamo, Lo Stato Sociale, Luca Barbarossa, Enzo Avitabile con Peppe Servillo, Max Gazz\u00e8, Roby Facchinetti e Riccardo Fogli, Ermal Meta e Fabrizio Moro, Noemi, The Kolors e Mario Biondi per i Campioni.<\/p>\n<p style=\"text-align: justify;\">Gli\u00a0ospiti saranno\u00a0<strong>Nino Frassica<\/strong>, che far\u00e0 un\u2019incursione comica,\u00a0<strong>Danilo Rea e Gino Paoli<\/strong>\u00a0che omaggeranno Bindi e De Andr\u00e9, i\u00a0<strong>Negramaro<\/strong>\u00a0e gli attori\u00a0<strong>Claudio Santamaria<\/strong>\u00a0e\u00a0<strong>Claudia Pandolfi<\/strong>\u00a0che presenteranno la loro prossima fiction in onda su Rai 1. Il super-ospite sar\u00e0\u00a0<strong>James Taylor<\/strong>\u00a0che canter\u00e0 in italiano e duetter\u00e0 con\u00a0<strong>Giorgia<\/strong>.<\/p>\n<p style=\"text-align: justify;\" data-adtags-visited=\"true\"><strong>Paolo Campiglio<\/strong><em>, inviato di Radio 1 al Festival di Sanremo<\/em><\/p>\n<p data-adtags-visited=\"true\">Le foto e le altre notizie sul <a href=\"http:\/\/www.paolocampiglio.it\">blog<\/a><\/p>\n<div id=\"attachment_800\" style=\"width: 310px\" class=\"wp-caption alignnone\"><img loading=\"lazy\" decoding=\"async\" aria-describedby=\"caption-attachment-800\" class=\"size-medium wp-image-800\" src=\"https:\/\/www.radio1newyork.com\/wp-content\/uploads\/2019\/12\/29-Paolo-in-sala-stampa-300x260.jpg\" alt=\"\" width=\"300\" height=\"260\" srcset=\"https:\/\/www.radio1newyork.com\/wp-content\/uploads\/2019\/12\/29-Paolo-in-sala-stampa-300x260.jpg 300w, https:\/\/www.radio1newyork.com\/wp-content\/uploads\/2019\/12\/29-Paolo-in-sala-stampa-1024x886.jpg 1024w, https:\/\/www.radio1newyork.com\/wp-content\/uploads\/2019\/12\/29-Paolo-in-sala-stampa-768x665.jpg 768w, https:\/\/www.radio1newyork.com\/wp-content\/uploads\/2019\/12\/29-Paolo-in-sala-stampa-1536x1329.jpg 1536w, https:\/\/www.radio1newyork.com\/wp-content\/uploads\/2019\/12\/29-Paolo-in-sala-stampa.jpg 2048w\" sizes=\"auto, (max-width: 300px) 100vw, 300px\" \/><p id=\"caption-attachment-800\" class=\"wp-caption-text\"><em>Il nostro inviato <strong>Paolo Campiglio<\/strong> nella Sala Stampa RAI del Teatro Ariston.<\/em><\/p><\/div>\n","protected":false},"excerpt":{"rendered":"<p>SANREMO \u2013 Come avevo accennato ieri in diretta nel corso di un aggiornamento straordinario,\u00a0Ermal Meta e Fabrizio Moro erano stati sospesi dalla manifestazione per una\u00a0presunta violazione del regolamento del Festival&#8230;.<\/p>\n","protected":false},"author":2,"featured_media":801,"comment_status":"closed","ping_status":"open","sticky":false,"template":"","format":"standard","meta":{"footnotes":""},"categories":[7],"tags":[],"class_list":{"0":"post-799","1":"post","2":"type-post","3":"status-publish","4":"format-standard","5":"has-post-thumbnail","7":"category-festival-di-sanremo"},"_links":{"self":[{"href":"https:\/\/www.radio1newyork.com\/index.php\/wp-json\/wp\/v2\/posts\/799","targetHints":{"allow":["GET"]}}],"collection":[{"href":"https:\/\/www.radio1newyork.com\/index.php\/wp-json\/wp\/v2\/posts"}],"about":[{"href":"https:\/\/www.radio1newyork.com\/index.php\/wp-json\/wp\/v2\/types\/post"}],"author":[{"embeddable":true,"href":"https:\/\/www.radio1newyork.com\/index.php\/wp-json\/wp\/v2\/users\/2"}],"replies":[{"embeddable":true,"href":"https:\/\/www.radio1newyork.com\/index.php\/wp-json\/wp\/v2\/comments?post=799"}],"version-history":[{"count":1,"href":"https:\/\/www.radio1newyork.com\/index.php\/wp-json\/wp\/v2\/posts\/799\/revisions"}],"predecessor-version":[{"id":802,"href":"https:\/\/www.radio1newyork.com\/index.php\/wp-json\/wp\/v2\/posts\/799\/revisions\/802"}],"wp:featuredmedia":[{"embeddable":true,"href":"https:\/\/www.radio1newyork.com\/index.php\/wp-json\/wp\/v2\/media\/801"}],"wp:attachment":[{"href":"https:\/\/www.radio1newyork.com\/index.php\/wp-json\/wp\/v2\/media?parent=799"}],"wp:term":[{"taxonomy":"category","embeddable":true,"href":"https:\/\/www.radio1newyork.com\/index.php\/wp-json\/wp\/v2\/categories?post=799"},{"taxonomy":"post_tag","embeddable":true,"href":"https:\/\/www.radio1newyork.com\/index.php\/wp-json\/wp\/v2\/tags?post=799"}],"curies":[{"name":"wp","href":"https:\/\/api.w.org\/{rel}","templated":true}]}}