{"id":830,"date":"2018-01-09T12:50:29","date_gmt":"2018-01-09T11:50:29","guid":{"rendered":"https:\/\/www.radio1newyork.com\/?p=830"},"modified":"2019-12-03T12:54:09","modified_gmt":"2019-12-03T11:54:09","slug":"tutto-sul-festival-di-baglioni","status":"publish","type":"post","link":"https:\/\/www.radio1newyork.com\/index.php\/2018\/01\/09\/tutto-sul-festival-di-baglioni\/","title":{"rendered":"Il festival colorato di Baglioni."},"content":{"rendered":"<p style=\"text-align: justify;\">SANREMO\u00a0\u2013\u00a0\u00c8 in corso al Teatro dell\u2019Opera del Casin\u00f2 di Sanremo la conferenza stampa di presentazione del Festival che debutter\u00e0 tra 4 settimane. L\u2019appuntamento \u00e8 una tradizione consolidata per introdurre ai cronisti della stampa specializzata, che tra un mese seguiranno giorno e notte la manifestazione, quelli che saranno i protagonisti della prossima edizione. Gli onori di casa sono stati fatti dal sindaco della citt\u00e0 dei fiori\u00a0<strong>Alberto Biancheri\u00a0<\/strong>al suo quarto Festival e dal nuovo direttore di Rai 1\u00a0<strong>Angelo Teodoli\u00a0<\/strong>alla sua prima esperienza all\u2019Ariston, esattamente come\u00a0<strong>Andrea Fabiano<\/strong>\u00a0che l\u2019anno scorso soffi\u00f2 il posto al bravissimo\u00a0<strong>Giancarlo Leone<\/strong>\u00a0usando lo stesso stile con cui Renzi allontan\u00f2 Enrico Letta da Palazzo Chigi.\u00a0Partiamo quindi con un record di sostituzioni, non era mai successo che per tre anni consecutivi ci fosse un direttore diverso per ogni edizione, con inevitabili avvicendamenti a cascata dei capi struttura della Rete Uno che sono poi i funzionari della squadra esterna del centro di produzione televisiva a cui compete gestire l\u2019organizzazione dell\u2019evento. Non si parte quindi bene, ma nell\u2019ultima settimana Teodoli le ha azzeccate tutte volendo assolutamente in prima serata su Rai 1 \u201cMeraviglie\u201d con\u00a0<strong>Alberto Angela<\/strong>\u00a0e \u201cDanza con me\u201d con\u00a0<strong>Roberto\u00a0Bolle<\/strong>\u00a0quindi dobbiamo dargli un\u2019apertura di credito sulla fiducia.<\/p>\n<p style=\"text-align: justify;\">Accanto a loro c\u2019erano il direttore artistico\u00a0<strong>Claudio Baglioni<\/strong>\u00a0(al suo primo e chiss\u00e0 se unico festival), il regista\u00a0<strong>Duccio Forzano<\/strong>\u00a0e il\u00a0direttore della fotografia\u00a0<strong>Mario Catapano<\/strong>.<\/p>\n<p style=\"text-align: justify;\">Sanremo \u00e8 una messa cantata, una celebrazione sacra per il pubblico e gli affezionati, che impone il rispetto della liturgia e dei tempi, in questo caso televisivi, quindi ora il rito prevede che siano il direttore artistico e il direttore di rete a introdurre con l\u2019ufficialit\u00e0 del caso i conduttori principali della manifestazione:\u00a0<strong>Michelle Hunziker<\/strong>\u00a0e\u00a0<strong>Pierfrancesco Favino<\/strong>, anche se non saranno da escludere le incursioni di Baglioni per l\u2019interpretazione di qualche famosa canzone (nel 50\u00b0 anniversario della sua carriera) magari a fianco di un buon numero di ospiti musicali come\u00a0<strong>Gianni Morandi<\/strong>,\u00a0<strong>Biagio Antonacci<\/strong>,<strong>\u00a0Andrea Bocelli\u00a0<\/strong>e\u00a0<strong>Laura Pausini<\/strong>. Cos\u00ec come non vengono confermate, ma neanche smentite, le presenze del trio composto da\u00a0<strong>Max Pezzali<\/strong>,\u00a0<strong>Francesco Renga<\/strong>\u00a0e\u00a0<strong>Nek<\/strong>\u00a0che nella settimana del Festival hanno una pausa tra le date del loro tour. A loro\u00a0potrebbero aggiungersi i\u00a0<strong>Negramaro<\/strong>\u00a0e\u00a0la coppia\u00a0<strong>J-Ax<\/strong>\u00a0e\u00a0<strong>Fedez\u00a0<\/strong>per avvicinare il pubblico dei giovanissimi a Sanremo. Il super-ospite italiano dovrebbe essere\u00a0<strong>Renato Zero\u00a0<\/strong>e per la prima volta anche i\u00a0super-ospiti stranieri interpreteranno dei brani in lingua italiana e non faranno solamente una passerella dei loro successi.<\/p>\n<p style=\"text-align: justify;\">Ci\u00f2 sta a significare \u2013\u00a0come conferma Baglioni al termine della conferenza stampa \u2013\u00a0 che non verranno attori o registi stranieri ma solamente cantanti che accetteranno la regola d\u2019ingaggio:\u00a0vengano a interpretare un brano legato all\u2019Italia, Sanremo \u00e8 gi\u00e0 un festival internazionale e quest\u2019anno\u00a0sar\u00e0 anche un festival rivoluzionario, non solo perch\u00e9 l\u2019edizione n. 68 rimanda allo slogan della contestazione giovanile \u201cL\u2019immaginazione al potere\u201d ma perch\u00e9 c\u2019\u00e8 la volont\u00e0 degli organizzatori e della direzione artistica di renderla una grane festa popolare e nazionale, nel senso pi\u00f9 alto, autentico e nobile del termine, dove sar\u00e0 portata l\u2019immaginazione e l\u2019innovazione, tinteggiando e dipingendo con i colori primari lo sfondo bianco della scenografia ideata da\u00a0<strong>Emanuela Trixie Zitkowsky<\/strong>.<\/p>\n<p style=\"text-align: justify;\">Secondo Baglioni \u00abla canzone \u00e8 un intruglio magico tra parole e musica, \u00e8 un\u2019arte povera ma dura nel tempo. Per me sarebbe stato umiliante dire ai colleghi, dopo averli convinti a venire al Festival, sei stato eliminato. Non ci sar\u00e0, come nelle edizioni precedenti, quella pratica un po\u2019 violenta del dover mandare a casa qualcuno, ma ogni artista comincer\u00e0 il Festival e lo finir\u00e0, nessuno andr\u00e0 via, nessuno dovr\u00e0 fare le valigie, ci sar\u00e0 un concorso, una gara, con un vincitore e una classifica, ma questo render\u00e0 Sanremo simile a un festival del cinema\u00bb.<\/p>\n<p style=\"text-align: justify;\">Probabile un tributo o un premio alla carriera dedicato a\u00a0<strong>Milva\u00a0<\/strong>come auspicato da alcuni settori dello spettacolo, mentre\u00a0non \u00e8 stato ancora sciolto il nodo del\u00a0<strong>PrimaFestival<\/strong>, l\u2019apprezzata novit\u00e0 della scorsa edizione che viene riproposta quest\u2019anno col nome di\u00a0<strong>Sanremo Tim<\/strong>,\u00a0lo sponsor unico della manifestazione. La coppia prescelta per la conduzione della striscia quotidiana di curiosit\u00e0 e approfondimento che andr\u00e0 in onda dopo il\u00a0<strong>Tg1<\/strong>\u00a0nella settimana che precede la manifestazione dovrebbe essere formata da due volti freschi come\u00a0<strong>Sergio Assisi\u00a0<\/strong>e<strong>\u00a0Melissa Greta Marchetto<\/strong>. La formula sar\u00e0 confermata identica a quella dell\u2019anno scorso, i cui protagonisti per\u00f2 erano Federico Russo\u00a0e Tess Masazza.<\/p>\n<p style=\"text-align: justify;\">Il pi\u00f9 importante degli eventi collaterali \u00e8 per\u00f2 il\u00a0<strong>DopoFestival<\/strong>\u00a0che per quest\u2019edizione si sposter\u00e0 da Villa Ormond alla Sala Biribissi del Casin\u00f2.<\/p>\n<p style=\"text-align: justify;\" data-adtags-visited=\"true\"><strong>Paolo Campiglio<\/strong><em>, inviato di Radio 1 al Festival di Sanremo<\/em><\/p>\n<p data-adtags-visited=\"true\">Le foto e le altre notizie sul <a href=\"http:\/\/www.paolocampiglio.it\">blog<\/a><\/p>\n<p>&nbsp;<\/p>\n<div id=\"attachment_831\" style=\"width: 310px\" class=\"wp-caption alignnone\"><img loading=\"lazy\" decoding=\"async\" aria-describedby=\"caption-attachment-831\" class=\"wp-image-831 size-medium\" src=\"https:\/\/www.radio1newyork.com\/wp-content\/uploads\/2019\/12\/4-presentatori-1-300x218.jpg\" alt=\"\" width=\"300\" height=\"218\" srcset=\"https:\/\/www.radio1newyork.com\/wp-content\/uploads\/2019\/12\/4-presentatori-1-300x218.jpg 300w, https:\/\/www.radio1newyork.com\/wp-content\/uploads\/2019\/12\/4-presentatori-1-768x558.jpg 768w, https:\/\/www.radio1newyork.com\/wp-content\/uploads\/2019\/12\/4-presentatori-1.jpg 821w\" sizes=\"auto, (max-width: 300px) 100vw, 300px\" \/><p id=\"caption-attachment-831\" class=\"wp-caption-text\"><em>Il direttore artistico <strong>Claudio Baglioni<\/strong> tra <strong>Michelle Hunziker<\/strong> e <strong>Pierfrancesco Favino<\/strong> prima della conferenza stampa al Teatro dell\u2019Opera del Casin\u00f2 di Sanremo.<\/em><\/p><\/div>\n<p>&nbsp;<\/p>\n<div id=\"attachment_832\" style=\"width: 310px\" class=\"wp-caption alignnone\"><img loading=\"lazy\" decoding=\"async\" aria-describedby=\"caption-attachment-832\" class=\"size-medium wp-image-832\" src=\"https:\/\/www.radio1newyork.com\/wp-content\/uploads\/2019\/12\/4-presentatori-2-300x169.jpg\" alt=\"\" width=\"300\" height=\"169\" srcset=\"https:\/\/www.radio1newyork.com\/wp-content\/uploads\/2019\/12\/4-presentatori-2-300x169.jpg 300w, https:\/\/www.radio1newyork.com\/wp-content\/uploads\/2019\/12\/4-presentatori-2-1024x576.jpg 1024w, https:\/\/www.radio1newyork.com\/wp-content\/uploads\/2019\/12\/4-presentatori-2-768x432.jpg 768w, https:\/\/www.radio1newyork.com\/wp-content\/uploads\/2019\/12\/4-presentatori-2.jpg 1280w\" sizes=\"auto, (max-width: 300px) 100vw, 300px\" \/><p id=\"caption-attachment-832\" class=\"wp-caption-text\"><em>Il vicedirettore <strong>Claudio Fasulo<\/strong>, il direttore di Rai 1 <strong>Angelo Teodoli<\/strong>, <strong>Pierfrancesco Favino<\/strong>, <strong>Claudio Baglioni<\/strong> e <strong>Michelle Hunziker<\/strong> in conferenza stampa.<\/em><\/p><\/div>\n","protected":false},"excerpt":{"rendered":"<p>SANREMO\u00a0\u2013\u00a0\u00c8 in corso al Teatro dell\u2019Opera del Casin\u00f2 di Sanremo la conferenza stampa di presentazione del Festival che debutter\u00e0 tra 4 settimane. L\u2019appuntamento \u00e8 una tradizione consolidata per introdurre ai&#8230;<\/p>\n","protected":false},"author":2,"featured_media":831,"comment_status":"closed","ping_status":"open","sticky":false,"template":"","format":"standard","meta":{"footnotes":""},"categories":[7],"tags":[],"class_list":{"0":"post-830","1":"post","2":"type-post","3":"status-publish","4":"format-standard","5":"has-post-thumbnail","7":"category-festival-di-sanremo"},"_links":{"self":[{"href":"https:\/\/www.radio1newyork.com\/index.php\/wp-json\/wp\/v2\/posts\/830","targetHints":{"allow":["GET"]}}],"collection":[{"href":"https:\/\/www.radio1newyork.com\/index.php\/wp-json\/wp\/v2\/posts"}],"about":[{"href":"https:\/\/www.radio1newyork.com\/index.php\/wp-json\/wp\/v2\/types\/post"}],"author":[{"embeddable":true,"href":"https:\/\/www.radio1newyork.com\/index.php\/wp-json\/wp\/v2\/users\/2"}],"replies":[{"embeddable":true,"href":"https:\/\/www.radio1newyork.com\/index.php\/wp-json\/wp\/v2\/comments?post=830"}],"version-history":[{"count":1,"href":"https:\/\/www.radio1newyork.com\/index.php\/wp-json\/wp\/v2\/posts\/830\/revisions"}],"predecessor-version":[{"id":833,"href":"https:\/\/www.radio1newyork.com\/index.php\/wp-json\/wp\/v2\/posts\/830\/revisions\/833"}],"wp:featuredmedia":[{"embeddable":true,"href":"https:\/\/www.radio1newyork.com\/index.php\/wp-json\/wp\/v2\/media\/831"}],"wp:attachment":[{"href":"https:\/\/www.radio1newyork.com\/index.php\/wp-json\/wp\/v2\/media?parent=830"}],"wp:term":[{"taxonomy":"category","embeddable":true,"href":"https:\/\/www.radio1newyork.com\/index.php\/wp-json\/wp\/v2\/categories?post=830"},{"taxonomy":"post_tag","embeddable":true,"href":"https:\/\/www.radio1newyork.com\/index.php\/wp-json\/wp\/v2\/tags?post=830"}],"curies":[{"name":"wp","href":"https:\/\/api.w.org\/{rel}","templated":true}]}}