{"id":893,"date":"2020-02-04T08:15:42","date_gmt":"2020-02-04T07:15:42","guid":{"rendered":"https:\/\/www.radio1newyork.com\/?p=893"},"modified":"2020-02-04T18:20:26","modified_gmt":"2020-02-04T17:20:26","slug":"diletta-leotta-sanremo","status":"publish","type":"post","link":"https:\/\/www.radio1newyork.com\/index.php\/2020\/02\/04\/diletta-leotta-sanremo\/","title":{"rendered":"Diletta Leotta apre il Festival."},"content":{"rendered":"<p style=\"text-align: justify;\">SANREMO \u2013 Nel corso della conferenza stampa d\u2019apertura di luned\u00ec 3 febbraio, il vicedirettore di Rai 1 <strong>Claudio Fasulo<\/strong> ha reso noti i nomi dei cantanti e degli ospiti che si esibiranno nella serata inaugurale della 70\u00aa edizione del Festival della canzone italiana.<\/p>\n<p style=\"text-align: justify;\">Innanzitutto le due conduttrici che affiancheranno <strong>Amadeus<\/strong> sul palco dell\u2019Ariston saranno <strong>Diletta Leotta<\/strong> e <strong>Rula Jebreal<\/strong>, che legger\u00e0 un brano contro la violenza sulle donne, un tema che verr\u00e0 affrontato ancora nel corso della trasmissione con un intervento di Jessica Notaro che porter\u00e0 nuovamente in televisione la propria testimonianza.<\/p>\n<p style=\"text-align: justify;\">I primi 12 cantanti in gara nella categoria dei\u00a0<strong>Campioni <\/strong>che si esibiranno stasera, marted\u00ec 4 febbraio, sono, in ordine alfabetico: Achille Lauro, Anastasio, Bugo e Morgan, Diodato, Elodie, Irene Grandi, Raphael Gualazzi, Marco Masini, Rita Pavone, Riki, Vibrazioni e Alberto Urso. Nel corso della giornata verr\u00e0 annunciato l\u2019effettivo ordine di entrata.<\/p>\n<p style=\"text-align: justify;\">Le prime 4 <strong>Nuove proposte<\/strong> in gara saranno Eugenio in via di Gioia, Fadi, Leo Gassman e Tecla Insolia.<\/p>\n<p style=\"text-align: justify;\">Come gi\u00e0 detto, <strong>Fiorello<\/strong> e <strong>Tiziano Ferro<\/strong> saranno presenti in ogni serata come ospiti, il primo come mattatore libero e scalda-pubblico e il secondo come artista musicale.<\/p>\n<p style=\"text-align: justify;\">Tra gli altri ospiti di stasera troveremo gli attori del film \u201cGli anni pi\u00f9 belli\u201d diretto da <strong>Gabriele Muccino<\/strong> con <strong>Pierfrancesco Favino<\/strong>, <strong>Kim Rossi Stuart<\/strong> e <strong>Claudio Santamaria <\/strong>ma anche e Emma Marrone che inizier\u00e0 cantando un brano tratto dal suo ultimo album e proseguir\u00e0 con un medley dei suoi pi\u00f9 grandi successi.<\/p>\n<p style=\"text-align: justify;\">I super-ospiti di stasera invece saranno <strong>Al Bano<\/strong> e <strong>Romina<\/strong> che proporranno un inedito scritto da <strong>Tiziano Malgioglio<\/strong>.<\/p>\n<p style=\"text-align: justify;\">Per <strong>Stefano Coletta<\/strong>, nuovo direttore di Rai 1 nominato appena nominato 10 giorni fa, con la macchina del Festival che gi\u00e0 andava spedita a 200 km all\u2019ora, \u00e8 il battesimo del fuoco.<\/p>\n<p data-adtags-visited=\"true\"><strong>Paolo Campiglio<\/strong><em>, inviato di Radio 1 al Festival di Sanremo<\/em><\/p>\n<p data-adtags-visited=\"true\">Le foto e le altre notizie sul <a href=\"http:\/\/www.paolocampiglio.it\/\">blog<\/a><\/p>\n","protected":false},"excerpt":{"rendered":"<p>SANREMO \u2013 Nel corso della conferenza stampa d\u2019apertura di luned\u00ec 3 febbraio, il vicedirettore di Rai 1 Claudio Fasulo ha reso noti i nomi dei cantanti e degli ospiti che&#8230;<\/p>\n","protected":false},"author":2,"featured_media":895,"comment_status":"closed","ping_status":"open","sticky":false,"template":"","format":"standard","meta":{"footnotes":""},"categories":[7],"tags":[15],"class_list":{"0":"post-893","1":"post","2":"type-post","3":"status-publish","4":"format-standard","5":"has-post-thumbnail","7":"category-festival-di-sanremo","8":"tag-paolocampiglio"},"_links":{"self":[{"href":"https:\/\/www.radio1newyork.com\/index.php\/wp-json\/wp\/v2\/posts\/893","targetHints":{"allow":["GET"]}}],"collection":[{"href":"https:\/\/www.radio1newyork.com\/index.php\/wp-json\/wp\/v2\/posts"}],"about":[{"href":"https:\/\/www.radio1newyork.com\/index.php\/wp-json\/wp\/v2\/types\/post"}],"author":[{"embeddable":true,"href":"https:\/\/www.radio1newyork.com\/index.php\/wp-json\/wp\/v2\/users\/2"}],"replies":[{"embeddable":true,"href":"https:\/\/www.radio1newyork.com\/index.php\/wp-json\/wp\/v2\/comments?post=893"}],"version-history":[{"count":1,"href":"https:\/\/www.radio1newyork.com\/index.php\/wp-json\/wp\/v2\/posts\/893\/revisions"}],"predecessor-version":[{"id":894,"href":"https:\/\/www.radio1newyork.com\/index.php\/wp-json\/wp\/v2\/posts\/893\/revisions\/894"}],"wp:featuredmedia":[{"embeddable":true,"href":"https:\/\/www.radio1newyork.com\/index.php\/wp-json\/wp\/v2\/media\/895"}],"wp:attachment":[{"href":"https:\/\/www.radio1newyork.com\/index.php\/wp-json\/wp\/v2\/media?parent=893"}],"wp:term":[{"taxonomy":"category","embeddable":true,"href":"https:\/\/www.radio1newyork.com\/index.php\/wp-json\/wp\/v2\/categories?post=893"},{"taxonomy":"post_tag","embeddable":true,"href":"https:\/\/www.radio1newyork.com\/index.php\/wp-json\/wp\/v2\/tags?post=893"}],"curies":[{"name":"wp","href":"https:\/\/api.w.org\/{rel}","templated":true}]}}