{"id":911,"date":"2020-11-19T14:51:10","date_gmt":"2020-11-19T13:51:10","guid":{"rendered":"https:\/\/www.radio1newyork.com\/?p=911"},"modified":"2020-11-19T15:14:22","modified_gmt":"2020-11-19T14:14:22","slug":"sanremo-2021","status":"publish","type":"post","link":"https:\/\/www.radio1newyork.com\/index.php\/2020\/11\/19\/sanremo-2021\/","title":{"rendered":"Sanremo 2021."},"content":{"rendered":"<p style=\"text-align: justify;\" data-adtags-visited=\"true\">MILANO \u2013 Anche se ancora con piccoli tasselli, l\u2019ente organizzatore sta iniziando a comporre il puzzle che raffigurer\u00e0 la prossima edizione del consueto evento televisivo dell\u2019anno. La RAI ha infatti inviato la comunicazione alla stampa estera che la 71\u00aa edizione del Festival della canzone italiana si svolger\u00e0 a Sanremo dal 2 al 6 marzo 2021.<\/p>\n<p style=\"text-align: justify;\" data-adtags-visited=\"true\">Bisogna tornare al 2005, sedici edizioni fa, per trovare un Festival che sia stato organizzato interamente nel mese di marzo.<\/p>\n<p style=\"text-align: justify;\" data-adtags-visited=\"true\">Al momento sembra un copia e incolla dell\u2019anno scorso: <strong>Amadeus <\/strong>mantiene sia la conduzione che la direzione artistica, le incursioni di <strong>Fiorello<\/strong>, la regia a <strong>Stefano Vicario<\/strong> e la scenografia a\u00a0<strong>Gaetano Castelli<\/strong>, che ormai conosce a memoria la planimetria del Teatro Ariston. <strong>Mario Catapano<\/strong> curer\u00e0 invece la fotografia.<\/p>\n<p style=\"text-align: justify;\" data-adtags-visited=\"true\">La RAI ha gi\u00e0 affidato, come d\u2019abitudine, con propria delibera interna, l\u2019organizzazione e la realizzazione della manifestazione alla direzione di rete del primo canale televisivo e il regolamento \u00e8 stato pubblicato in queste ore ma i 20 artisti che saranno ammessi a partecipare nella categoria <strong>Campioni<\/strong> saranno annunciati in diretta su Rai Uno solamente il 17 dicembre nel corso della finale di Sanremo Giovani, in cui saranno svelati anche i nomi dei 6 artisti vincitori di Sanremo Giovani e dei 2 artisti vincitori di Area Sanremo che acquisiranno il diritto a partecipare al Festival nella categoria <strong>Nuove proposte<\/strong>.<\/p>\n<p style=\"text-align: justify;\" data-adtags-visited=\"true\">Tuttavia nel regolamento c\u2019\u00e8 qualche novit\u00e0 interessante rispetto all\u2019anno scorso: verr\u00e0 reintrodotto il tanto criticato televoto che anzi torna protagonista nelle prime due serate, marted\u00ec e mercoled\u00ec, e concorrer\u00e0 insieme alla giuria demoscopica a formare la classifica provvisoria della categoria Campioni. Nella serata del gioved\u00ec invece gli artisti potranno scegliere un brano del repertorio della musica italiana (la cosiddetta \u201cCanzone d\u2019autore\u201d) e scegliere se esibirsi da soli o con un ospite, quindi tutti opteranno per un ospite. In questa serata saranno giudicati esclusivamente dai musicisti e dai vocalist dell\u2019Orchestra e la votazione avr\u00e0 valore anche per la classifica generale. Nella serata di venerd\u00ec gli unici a votare saranno i giornalisti accreditati nella <strong>Giuria della Sala Stampa<\/strong>. Le tre giurie si ricomporranno in sessione collegiale per la serata finale di sabato in due diverse occasioni: per scegliere, tra i Campioni, i nomi dei 3 finalisti e infine per proclamare il vincitore della 71\u00aa edizione del Festival della canzone italiana di Sanremo. Altra novit\u00e0, non meno importante, del regolamento, \u00e8 l\u2019eliminazione della sfida diretta nella categoria delle Nuove proposte, il cui vincitore sar\u00e0 proclamato venerd\u00ec.<\/p>\n<p data-adtags-visited=\"true\">Anche quest\u2019anno <strong>TIM<\/strong> sar\u00e0 lo sponsor unico del Festival.<\/p>\n<p style=\"text-align: justify;\" data-adtags-visited=\"true\">Intanto i bene informati dicono che ci sia molta attesa per la firma del rinnovo della convenzione triennale tra la RAI e il Comune di Sanremo (proprietario del nome e del marchio del Festival) attraverso la quale l\u2019Amministrazione comunale incassa 15 milioni ogni tre anni per farlo utilizzare dalla RAI, che esclude per\u00f2 un rinnovo pi\u00f9 oneroso per le casse pubbliche ma \u00e8 disponibile a inserire nel palinsesto qualche trasmissione in pi\u00f9 sulla citt\u00e0 dei fiori; si fanno i nomi di una puntata speciale di \u2018Linea Blu\u2019 e di maggiori citazioni nelle previsioni meteo riguardanti il clima solare della Riviera.<\/p>\n<p style=\"text-align: justify;\" data-adtags-visited=\"true\"><strong>Paolo Campiglio<\/strong><em>, inviato di Radio 1 al Festival di Sanremo<\/em><\/p>\n<p data-adtags-visited=\"true\">Altre notizie sul <a href=\"http:\/\/www.paolocampiglio.it\">blog<\/a><\/p>\n<p data-adtags-visited=\"true\"><img loading=\"lazy\" decoding=\"async\" class=\"alignnone size-medium wp-image-912\" src=\"https:\/\/www.radio1newyork.com\/wp-content\/uploads\/2020\/11\/1-logo-Ama-Sanremo-300x169.png\" alt=\"\" width=\"300\" height=\"169\" srcset=\"https:\/\/www.radio1newyork.com\/wp-content\/uploads\/2020\/11\/1-logo-Ama-Sanremo-300x169.png 300w, https:\/\/www.radio1newyork.com\/wp-content\/uploads\/2020\/11\/1-logo-Ama-Sanremo-1024x576.png 1024w, https:\/\/www.radio1newyork.com\/wp-content\/uploads\/2020\/11\/1-logo-Ama-Sanremo-768x432.png 768w, https:\/\/www.radio1newyork.com\/wp-content\/uploads\/2020\/11\/1-logo-Ama-Sanremo-1536x864.png 1536w, https:\/\/www.radio1newyork.com\/wp-content\/uploads\/2020\/11\/1-logo-Ama-Sanremo.png 1920w\" sizes=\"auto, (max-width: 300px) 100vw, 300px\" \/><\/p>\n","protected":false},"excerpt":{"rendered":"<p>MILANO \u2013 Anche se ancora con piccoli tasselli, l\u2019ente organizzatore sta iniziando a comporre il puzzle che raffigurer\u00e0 la prossima edizione del consueto evento televisivo dell\u2019anno. La RAI ha infatti&#8230;<\/p>\n","protected":false},"author":2,"featured_media":912,"comment_status":"closed","ping_status":"open","sticky":false,"template":"","format":"standard","meta":{"footnotes":""},"categories":[7],"tags":[],"class_list":{"0":"post-911","1":"post","2":"type-post","3":"status-publish","4":"format-standard","5":"has-post-thumbnail","7":"category-festival-di-sanremo"},"_links":{"self":[{"href":"https:\/\/www.radio1newyork.com\/index.php\/wp-json\/wp\/v2\/posts\/911","targetHints":{"allow":["GET"]}}],"collection":[{"href":"https:\/\/www.radio1newyork.com\/index.php\/wp-json\/wp\/v2\/posts"}],"about":[{"href":"https:\/\/www.radio1newyork.com\/index.php\/wp-json\/wp\/v2\/types\/post"}],"author":[{"embeddable":true,"href":"https:\/\/www.radio1newyork.com\/index.php\/wp-json\/wp\/v2\/users\/2"}],"replies":[{"embeddable":true,"href":"https:\/\/www.radio1newyork.com\/index.php\/wp-json\/wp\/v2\/comments?post=911"}],"version-history":[{"count":4,"href":"https:\/\/www.radio1newyork.com\/index.php\/wp-json\/wp\/v2\/posts\/911\/revisions"}],"predecessor-version":[{"id":925,"href":"https:\/\/www.radio1newyork.com\/index.php\/wp-json\/wp\/v2\/posts\/911\/revisions\/925"}],"wp:featuredmedia":[{"embeddable":true,"href":"https:\/\/www.radio1newyork.com\/index.php\/wp-json\/wp\/v2\/media\/912"}],"wp:attachment":[{"href":"https:\/\/www.radio1newyork.com\/index.php\/wp-json\/wp\/v2\/media?parent=911"}],"wp:term":[{"taxonomy":"category","embeddable":true,"href":"https:\/\/www.radio1newyork.com\/index.php\/wp-json\/wp\/v2\/categories?post=911"},{"taxonomy":"post_tag","embeddable":true,"href":"https:\/\/www.radio1newyork.com\/index.php\/wp-json\/wp\/v2\/tags?post=911"}],"curies":[{"name":"wp","href":"https:\/\/api.w.org\/{rel}","templated":true}]}}