{"id":920,"date":"2020-12-02T13:14:06","date_gmt":"2020-12-02T12:14:06","guid":{"rendered":"https:\/\/www.radio1newyork.com\/?p=920"},"modified":"2020-12-08T13:30:10","modified_gmt":"2020-12-08T12:30:10","slug":"paolo-campiglio-vicenza-roma","status":"publish","type":"post","link":"https:\/\/www.radio1newyork.com\/index.php\/2020\/12\/02\/paolo-campiglio-vicenza-roma\/","title":{"rendered":"Appuntamenti a Vicenza e a Roma."},"content":{"rendered":"<p style=\"text-align: justify;\">MILANO \u2013 Annunciamo due appuntamenti speciali con il vicedirettore <strong>Paolo Campiglio<\/strong> a Vicenza e a Roma.<\/p>\n<p style=\"text-align: justify;\">Venerd\u00ec 4 e sabato 5 dicembre in diretta da Vicenza nei pressi di Camp Ederle, la base militare dell\u2019esercito degli Stati Uniti in cui vive e lavora la comunit\u00e0 americana vicentina che ospita circa 2.800 cittadini tra soldati, loro familiari, personale civile, ex militari in pensione e anche un piccolo numero di aviatori e marinai. Racconteremo non solo la storia della base che funge da comando di gestione dell\u2019esercito degli Stati Uniti, un ombrello per tutte le propriet\u00e0 militari statunitensi a Vicenza, ma anche il suo rapporto con la citt\u00e0, ascoltando il parere dei comuni cittadini e delle autorit\u00e0 civili locali.<\/p>\n<p style=\"text-align: justify;\">La settimana seguente, mercoled\u00ec 9 e gioved\u00ec 10 in diretta da Roma nei pressi del Consolato Generale degli Stati Uniti, in Via Veneto, con analoghe visite e interviste.<\/p>\n<p style=\"text-align: justify;\" data-adtags-visited=\"true\"><strong>La redazione di Radio 1<\/strong><\/p>\n<p data-adtags-visited=\"true\"><img loading=\"lazy\" decoding=\"async\" class=\"alignnone size-medium wp-image-917\" src=\"https:\/\/www.radio1newyork.com\/wp-content\/uploads\/2020\/12\/Ambasciata-degli-Stati-Uniti-1-300x300.png\" alt=\"\" width=\"300\" height=\"300\" srcset=\"https:\/\/www.radio1newyork.com\/wp-content\/uploads\/2020\/12\/Ambasciata-degli-Stati-Uniti-1-300x300.png 300w, https:\/\/www.radio1newyork.com\/wp-content\/uploads\/2020\/12\/Ambasciata-degli-Stati-Uniti-1-1024x1020.png 1024w, https:\/\/www.radio1newyork.com\/wp-content\/uploads\/2020\/12\/Ambasciata-degli-Stati-Uniti-1-150x150.png 150w, https:\/\/www.radio1newyork.com\/wp-content\/uploads\/2020\/12\/Ambasciata-degli-Stati-Uniti-1-768x765.png 768w, https:\/\/www.radio1newyork.com\/wp-content\/uploads\/2020\/12\/Ambasciata-degli-Stati-Uniti-1-100x100.png 100w, https:\/\/www.radio1newyork.com\/wp-content\/uploads\/2020\/12\/Ambasciata-degli-Stati-Uniti-1-140x140.png 140w, https:\/\/www.radio1newyork.com\/wp-content\/uploads\/2020\/12\/Ambasciata-degli-Stati-Uniti-1-500x500.png 500w, https:\/\/www.radio1newyork.com\/wp-content\/uploads\/2020\/12\/Ambasciata-degli-Stati-Uniti-1-350x350.png 350w, https:\/\/www.radio1newyork.com\/wp-content\/uploads\/2020\/12\/Ambasciata-degli-Stati-Uniti-1-1000x1000.png 1000w, https:\/\/www.radio1newyork.com\/wp-content\/uploads\/2020\/12\/Ambasciata-degli-Stati-Uniti-1-800x800.png 800w, https:\/\/www.radio1newyork.com\/wp-content\/uploads\/2020\/12\/Ambasciata-degli-Stati-Uniti-1.png 1096w\" sizes=\"auto, (max-width: 300px) 100vw, 300px\" \/><\/p>\n<p>&nbsp;<\/p>\n","protected":false},"excerpt":{"rendered":"<p>MILANO \u2013 Annunciamo due appuntamenti speciali con il vicedirettore Paolo Campiglio a Vicenza e a Roma. Venerd\u00ec 4 e sabato 5 dicembre in diretta da Vicenza nei pressi di Camp&#8230;<\/p>\n","protected":false},"author":2,"featured_media":917,"comment_status":"closed","ping_status":"open","sticky":false,"template":"","format":"standard","meta":{"footnotes":""},"categories":[11],"tags":[],"class_list":{"0":"post-920","1":"post","2":"type-post","3":"status-publish","4":"format-standard","5":"has-post-thumbnail","7":"category-news-dallitalia"},"_links":{"self":[{"href":"https:\/\/www.radio1newyork.com\/index.php\/wp-json\/wp\/v2\/posts\/920","targetHints":{"allow":["GET"]}}],"collection":[{"href":"https:\/\/www.radio1newyork.com\/index.php\/wp-json\/wp\/v2\/posts"}],"about":[{"href":"https:\/\/www.radio1newyork.com\/index.php\/wp-json\/wp\/v2\/types\/post"}],"author":[{"embeddable":true,"href":"https:\/\/www.radio1newyork.com\/index.php\/wp-json\/wp\/v2\/users\/2"}],"replies":[{"embeddable":true,"href":"https:\/\/www.radio1newyork.com\/index.php\/wp-json\/wp\/v2\/comments?post=920"}],"version-history":[{"count":2,"href":"https:\/\/www.radio1newyork.com\/index.php\/wp-json\/wp\/v2\/posts\/920\/revisions"}],"predecessor-version":[{"id":922,"href":"https:\/\/www.radio1newyork.com\/index.php\/wp-json\/wp\/v2\/posts\/920\/revisions\/922"}],"wp:featuredmedia":[{"embeddable":true,"href":"https:\/\/www.radio1newyork.com\/index.php\/wp-json\/wp\/v2\/media\/917"}],"wp:attachment":[{"href":"https:\/\/www.radio1newyork.com\/index.php\/wp-json\/wp\/v2\/media?parent=920"}],"wp:term":[{"taxonomy":"category","embeddable":true,"href":"https:\/\/www.radio1newyork.com\/index.php\/wp-json\/wp\/v2\/categories?post=920"},{"taxonomy":"post_tag","embeddable":true,"href":"https:\/\/www.radio1newyork.com\/index.php\/wp-json\/wp\/v2\/tags?post=920"}],"curies":[{"name":"wp","href":"https:\/\/api.w.org\/{rel}","templated":true}]}}