{"id":990,"date":"2021-08-22T14:22:30","date_gmt":"2021-08-22T12:22:30","guid":{"rendered":"https:\/\/www.radio1newyork.com\/?p=990"},"modified":"2021-08-22T16:41:09","modified_gmt":"2021-08-22T14:41:09","slug":"scambi-festival-sanremo","status":"publish","type":"post","link":"https:\/\/www.radio1newyork.com\/index.php\/2021\/08\/22\/scambi-festival-sanremo\/","title":{"rendered":"Scambi, l\u2019altro festival."},"content":{"rendered":"<p class=\"has-text-align-justify\" style=\"text-align: justify;\">MILANO \u2013\u00a0Da quest\u2019anno a Sanremo esiste un altro festival, n\u00e9 pi\u00f9 n\u00e9 meno importante di quello della canzone italiana che da tante edizioni raccontiamo dalla sala stampa RAI del Teatro Ariston.<\/p>\n<p class=\"has-text-align-justify\" style=\"text-align: justify;\">\u00c8 semplicemente un festival diverso, nel senso pi\u00f9 nobile e autorevole del termine, con laboratori e approfondimenti culturali che coinvolgeranno direttamente il pubblico attraverso proposte e attivit\u00e0 di dialogo e conoscenza che ruoteranno intorno al vasto tema dell\u2019incontro tra persone e culture. La prima edizione, organizzata dall\u2019associazione di promozione sociale <em>Oltre<\/em> (presidente Tommaso Marmo) si svolger\u00e0 nel quartiere storico <em>La Pigna<\/em> della citt\u00e0 dei fiori dal 26 al 29 agosto 2021.<\/p>\n<p style=\"text-align: justify;\">L\u2019anima e il cervello di questa iniziativa sono una quindicina di ragazzi provenienti da vari Paesi europei che si sono uniti spinti dalla necessit\u00e0 di creare un dialogo permanente e delle stabili relazioni per contrastare il crescente e preoccupante egoismo del luogo e del tempo in cui vive la generazione dei ventenni. Ma nell\u2019esperimento sar\u00e0 coinvolto l\u2019intero quartiere, dalle piccole imprese, ai ristoratori, alle rappresentanze delle minoranze etniche locali. Da notare la collaborazione per alcuni laboratori con Libera, l\u2019associazione antimafia fondata da don Luigi Ciotti.<\/p>\n<p style=\"text-align: justify;\">Non mancheranno occasioni di festa con i balli tradizionali di quell\u2019ampia area, una volta denominata Occitania, che comprendeva le vallate del Piemonte meridionale, la Francia centrale e meridionale fino ai Pirenei e ai Paesi Baschi. Ad accomunare questi popoli, non vincolati da confini politici, \u00e8 stata la comune lingua occitana, di cui ha parlato anche Dante, che ha creato e tramandato un vasto repertorio di tradizioni che si sono espresse in musiche e danze popolari.<\/p>\n<p style=\"text-align: justify;\"><em>Scambi<\/em> intende essere per tutti, indipendentemente dall\u2019estrazione sociale, religione, orientamento sessuale, credo religioso, et\u00e0 o limitazioni fisiche. Ogni partecipante avr\u00e0 la possibilit\u00e0 di godere appieno delle esperienze offerte.<\/p>\n<p style=\"text-align: justify;\">Radio 1 New York seguir\u00e0 per la Stampa Estera l\u2019appuntamento inaugurale di gioved\u00ec 26 agosto (ore 1pm di New York, ore 19:00 di Roma) dal cuore del quartiere Pigna di Sanremo in Piazza Santa Brigida con il saluto di benvenuto delle autorit\u00e0 e degli organizzatori. Il Festival dell\u2019Incontro si concluder\u00e0 domenica 29 agosto (ore 2:30 pm di New York, ore 20:30 di Roma) con la visione e la premiazione dei cortometraggi vincitori del concorso \u201cDissolvenze\u201d e con gli interventi di ringraziamento.<\/p>\n<p><strong>Paolo Campiglio<\/strong><em>, vice direttore di Radio 1 New York<\/em><\/p>\n<div id=\"attachment_991\" style=\"width: 310px\" class=\"wp-caption alignnone\"><img loading=\"lazy\" decoding=\"async\" aria-describedby=\"caption-attachment-991\" class=\"wp-image-991 size-medium\" src=\"https:\/\/www.radio1newyork.com\/wp-content\/uploads\/2021\/08\/Scambi-300x300.jpg\" alt=\"\" width=\"300\" height=\"300\" srcset=\"https:\/\/www.radio1newyork.com\/wp-content\/uploads\/2021\/08\/Scambi-300x300.jpg 300w, https:\/\/www.radio1newyork.com\/wp-content\/uploads\/2021\/08\/Scambi-1024x1024.jpg 1024w, https:\/\/www.radio1newyork.com\/wp-content\/uploads\/2021\/08\/Scambi-150x150.jpg 150w, https:\/\/www.radio1newyork.com\/wp-content\/uploads\/2021\/08\/Scambi-768x768.jpg 768w, https:\/\/www.radio1newyork.com\/wp-content\/uploads\/2021\/08\/Scambi-100x100.jpg 100w, https:\/\/www.radio1newyork.com\/wp-content\/uploads\/2021\/08\/Scambi-140x140.jpg 140w, https:\/\/www.radio1newyork.com\/wp-content\/uploads\/2021\/08\/Scambi-500x500.jpg 500w, https:\/\/www.radio1newyork.com\/wp-content\/uploads\/2021\/08\/Scambi-350x350.jpg 350w, https:\/\/www.radio1newyork.com\/wp-content\/uploads\/2021\/08\/Scambi-1000x1000.jpg 1000w, https:\/\/www.radio1newyork.com\/wp-content\/uploads\/2021\/08\/Scambi-800x800.jpg 800w, https:\/\/www.radio1newyork.com\/wp-content\/uploads\/2021\/08\/Scambi.jpg 1194w\" sizes=\"auto, (max-width: 300px) 100vw, 300px\" \/><p id=\"caption-attachment-991\" class=\"wp-caption-text\">Scambi \u00e8 il festival di laboratori che si svolger\u00e0 a Sanremo dal 26 al 29 agosto 2021.<\/p><\/div>\n","protected":false},"excerpt":{"rendered":"<p>MILANO \u2013\u00a0Da quest\u2019anno a Sanremo esiste un altro festival, n\u00e9 pi\u00f9 n\u00e9 meno importante di quello della canzone italiana che da tante edizioni raccontiamo dalla sala stampa RAI del Teatro&#8230;<\/p>\n","protected":false},"author":2,"featured_media":991,"comment_status":"closed","ping_status":"open","sticky":false,"template":"","format":"standard","meta":{"footnotes":""},"categories":[11],"tags":[],"class_list":{"0":"post-990","1":"post","2":"type-post","3":"status-publish","4":"format-standard","5":"has-post-thumbnail","7":"category-news-dallitalia"},"_links":{"self":[{"href":"https:\/\/www.radio1newyork.com\/index.php\/wp-json\/wp\/v2\/posts\/990","targetHints":{"allow":["GET"]}}],"collection":[{"href":"https:\/\/www.radio1newyork.com\/index.php\/wp-json\/wp\/v2\/posts"}],"about":[{"href":"https:\/\/www.radio1newyork.com\/index.php\/wp-json\/wp\/v2\/types\/post"}],"author":[{"embeddable":true,"href":"https:\/\/www.radio1newyork.com\/index.php\/wp-json\/wp\/v2\/users\/2"}],"replies":[{"embeddable":true,"href":"https:\/\/www.radio1newyork.com\/index.php\/wp-json\/wp\/v2\/comments?post=990"}],"version-history":[{"count":6,"href":"https:\/\/www.radio1newyork.com\/index.php\/wp-json\/wp\/v2\/posts\/990\/revisions"}],"predecessor-version":[{"id":997,"href":"https:\/\/www.radio1newyork.com\/index.php\/wp-json\/wp\/v2\/posts\/990\/revisions\/997"}],"wp:featuredmedia":[{"embeddable":true,"href":"https:\/\/www.radio1newyork.com\/index.php\/wp-json\/wp\/v2\/media\/991"}],"wp:attachment":[{"href":"https:\/\/www.radio1newyork.com\/index.php\/wp-json\/wp\/v2\/media?parent=990"}],"wp:term":[{"taxonomy":"category","embeddable":true,"href":"https:\/\/www.radio1newyork.com\/index.php\/wp-json\/wp\/v2\/categories?post=990"},{"taxonomy":"post_tag","embeddable":true,"href":"https:\/\/www.radio1newyork.com\/index.php\/wp-json\/wp\/v2\/tags?post=990"}],"curies":[{"name":"wp","href":"https:\/\/api.w.org\/{rel}","templated":true}]}}